{"id":1333,"date":"2018-02-21T14:09:24","date_gmt":"2018-02-21T13:09:24","guid":{"rendered":"http:\/\/psc-psoe.es\/?p=1333"},"modified":"2019-01-03T14:11:00","modified_gmt":"2019-01-03T13:11:00","slug":"el-psoe-registra-un-pnl-para-que-el-ministerio-de-fomento-conceda-el-15-cultural-a-cantabria","status":"publish","type":"post","link":"https:\/\/www.psc-psoe.es\/index.php\/2018\/02\/21\/el-psoe-registra-un-pnl-para-que-el-ministerio-de-fomento-conceda-el-15-cultural-a-cantabria\/","title":{"rendered":"El PSOE registra un PNL para que el Ministerio de Fomento conceda el 1,5% Cultural a Cantabria"},"content":{"rendered":"<p>El Grupo Parlamentario Socialista ha registrado una Proposici\u00f3n No de Ley (PNL) en el Parlamento de Cantabria, instando al Ministerio de Fomento, a que rectifique y conceda finalmente el 1,5 por ciento Cultural a Cantabria, para la rehabilitaci\u00f3n de las obras de la iglesia del Seminario Mayor de la Universidad Pontificia de Comillas.<\/p>\n<p>Los socialistas de Cantabria, registran esta PNL, despu\u00e9s de que el ministro I\u00f1igo de la Serna decidiese retirar el 1,5 por ciento Cultural a esta Comunidad Aut\u00f3noma para el 2018.<\/p>\n<p>La PNL, solicita adem\u00e1s una explicaci\u00f3n a Fomento de cu\u00e1les son los motivos por los que se ha retirado la subvenci\u00f3n, e insta al Gobierno de Espa\u00f1a a que incluya una partida en los Presupuestos Generales del Estado del 2018, as\u00ed como que incorpore las deudas de los a\u00f1os 2016 y 2017.<\/p>\n<p>El portavoz del grupo parlamentario socialista, V\u00edctor Casal asegura que \u201cel Gobierno del PP ha actuado de manera irresponsable con Cantabria al dejarle durante tres a\u00f1os sin el 1,5 por ciento Cultural para rehabilitar uno de los edificios con mayor valor patrimonial de este pa\u00eds\u201d.<\/p>\n<p>Casal resalta que, \u201cla tercera y \u00faltima fase a la que se enfrenta la obra servir\u00e1 para restaurar importante material art\u00edstico y arquitect\u00f3nico\u201d y a\u00f1ade que, \u201csi ni Fomento ni el Gobierno central act\u00faan de manera urgente sobre estos elementos acabar\u00e1n por deteriorarse\u201d.<\/p>\n<p>\u201cDe la Serna se compromete de palabra con Comillas pero no con hechos, entrando continuamente en un c\u00famulo de contradicciones que le restan toda credibilidad\u201d, critica.<\/p>\n<p>Por ello, el portavoz socialista pide al ministro \u201cque d\u00e9 marcha atr\u00e1s y si quiere comprometerse de verdad con Cantabria, conceda finalmente esa subvenci\u00f3n que su departamento se est\u00e1 acostumbrando a arrebatar a nuestra regi\u00f3n\u201d.<\/p>\n<p>A su juicio, \u201cla gran obra de rehabilitaci\u00f3n se tiene que terminar y desde el Gobierno de Espa\u00f1a nos tienen que explicar a todos los c\u00e1ntabros y c\u00e1ntabras porque y tal y como demuestran con sus actuaciones, la rehabilitaci\u00f3n del Seminario de Comillas ha dejado de ser una prioridad\u201d.<\/p>\n<p><strong>Acciones del PSOE para conseguir el 1,5% Cultural<\/strong><\/p>\n<p>Casal, asegura que \u201cadem\u00e1s de registrar la PNL en el Parlamento de Cantabria, el PSOE de Cantabria, registr\u00f3 con anterioridad y tal y como se anunci\u00f3, una solicitud en la Delegaci\u00f3n del Gobierno reclamando el 1,5 por ciento Cultural a Cantabria\u201d y a\u00f1ade que adem\u00e1s, \u201cel Grupo Parlamentario Socialista en el Congreso de los Diputados realizar\u00e1 una interpelaci\u00f3n a Rajoy e De la Serna, para que expliquen los motivos por los cuales la ayuda ha sido retirada\u201d.<\/p>\n<p>Por \u00faltimo, V\u00edctor Casal asegura que \u201cel PSOE de Cantabria no parar\u00e1 hasta conseguir que Comillas consiga esa ayuda tan necesaria para conservar durante muchos a\u00f1os m\u00e1s, uno de los edificios con mayor prestigio e historia de Cantabria y de Espa\u00f1a\u201d.<\/p>\n<p>&nbsp; <\/p>\n","protected":false},"excerpt":{"rendered":"<p>El Grupo Parlamentario Socialista ha registrado una Proposici\u00f3n No de Ley (PNL) en el Parlamento de Cantabria, instando al Ministerio de Fomento, a que rectifique y conceda finalmente el 1,5 por ciento Cultural a Cantabria, para la rehabilitaci\u00f3n de las obras de la iglesia del Seminario Mayor de la Universidad Pontificia de Comillas. Los socialistas [&hellip;]<\/p>\n","protected":false},"author":2,"featured_media":1334,"comment_status":"open","ping_status":"open","sticky":false,"template":"","format":"standard","meta":{"tdm_status":"","tdm_grid_status":"","footnotes":""},"categories":[24],"tags":[],"class_list":["post-1333","post","type-post","status-publish","format-standard","has-post-thumbnail","hentry","category-partido"],"_links":{"self":[{"href":"https:\/\/www.psc-psoe.es\/index.php\/wp-json\/wp\/v2\/posts\/1333","targetHints":{"allow":["GET"]}}],"collection":[{"href":"https:\/\/www.psc-psoe.es\/index.php\/wp-json\/wp\/v2\/posts"}],"about":[{"href":"https:\/\/www.psc-psoe.es\/index.php\/wp-json\/wp\/v2\/types\/post"}],"author":[{"embeddable":true,"href":"https:\/\/www.psc-psoe.es\/index.php\/wp-json\/wp\/v2\/users\/2"}],"replies":[{"embeddable":true,"href":"https:\/\/www.psc-psoe.es\/index.php\/wp-json\/wp\/v2\/comments?post=1333"}],"version-history":[{"count":0,"href":"https:\/\/www.psc-psoe.es\/index.php\/wp-json\/wp\/v2\/posts\/1333\/revisions"}],"wp:featuredmedia":[{"embeddable":true,"href":"https:\/\/www.psc-psoe.es\/index.php\/wp-json\/wp\/v2\/media\/1334"}],"wp:attachment":[{"href":"https:\/\/www.psc-psoe.es\/index.php\/wp-json\/wp\/v2\/media?parent=1333"}],"wp:term":[{"taxonomy":"category","embeddable":true,"href":"https:\/\/www.psc-psoe.es\/index.php\/wp-json\/wp\/v2\/categories?post=1333"},{"taxonomy":"post_tag","embeddable":true,"href":"https:\/\/www.psc-psoe.es\/index.php\/wp-json\/wp\/v2\/tags?post=1333"}],"curies":[{"name":"wp","href":"https:\/\/api.w.org\/{rel}","templated":true}]}}