{"id":1331,"date":"2018-02-20T14:07:02","date_gmt":"2018-02-20T13:07:02","guid":{"rendered":"http:\/\/psc-psoe.es\/?p=1331"},"modified":"2019-02-19T13:26:10","modified_gmt":"2019-02-19T12:26:10","slug":"el-psoe-traslada-a-las-asociaciones-de-vecinos-la-necesidad-de-paralizar-el-metrotus","status":"publish","type":"post","link":"https:\/\/www.psc-psoe.es\/index.php\/2018\/02\/20\/el-psoe-traslada-a-las-asociaciones-de-vecinos-la-necesidad-de-paralizar-el-metrotus\/","title":{"rendered":"El PSOE traslada a las asociaciones de vecinos la necesidad de paralizar el metroTUS"},"content":{"rendered":"<p>El secretario general y portavoz municipal, Pedro Casares en el Ayuntamiento de Santander, ha reiterado hoy que la &#8220;unica soluci\u00f3n&#8221; al problema del metroTUS pasa por paralizar el proyecto &#8220;y sentarse a pensar en como mejorar la movilidad en el transporte urbano&#8221;.<\/p>\n<p>Casares ha realizado estas afirmaciones en un encuentro con asociaciones de vecinos y partidos pol\u00edticos organizado por la Federaci\u00f3n C\u00e1ntabria de AA.VV (FECAV).<\/p>\n<p>Para el portavoz del Grupo Municipal Socialista, el metro-TUS ha supuesto \u201cel caos generalizado\u201d afectando a la movilidad en el transporte urbano y tambi\u00e9n a la circulaci\u00f3n y al tr\u00e1fico de la ciudad. \u201cEl metro-TUS ni mejora las frecuencias, ni mejora la conexi\u00f3n del centro con los barrios perif\u00e9ricos, ni vertebra la ciudad en torno a una apuesta integral de movilidad\u201d denuncia el edil.<\/p>\n<p>\u201cHoy es el d\u00eda que los santanderinos tardan mucho m\u00e1s que hace un mes para realizar el mismo recorrido\u201d asegura Casares, que considera que las quejas, desconcierto y dudas del primer d\u00eda sobre el nuevo sistema de autobuses \u201cse han convertido en indignaci\u00f3n y protesta, calle a calle, barrio a barrio, al comprobar que el nuevo sistema no ha hecho m\u00e1s que empeorar el problema de la movilidad en Santander\u201d.<\/p>\n<p>En este sentido, Casares critica que el PP \u201cno solo fue incapaz de escuchar a la oposici\u00f3n durante meses, sino que tampoco ha escuchado a vecinos, usuarios, taxistas ni a los trabajadores de los transportes urbanos\u201d. Por ello, el portavoz socialista considera que \u201clo l\u00f3gico\u201d es paralizar el proyecto \u201cy empezar de nuevo sobre la situaci\u00f3n anterior\u201d.<\/p>\n<p>Adem\u00e1s, como recuerda el edil, \u201ca los m\u00e1s de 7 millones de euros gastados ya en esta obra, ahora habr\u00e1 que a\u00f1adir una modificaci\u00f3n de cr\u00e9dito presupuestario para redise\u00f1ar los intercambiadores y establecer mamparas que protejan del frio y la lluvia porque el dise\u00f1o que han ideado es de intercambiadores de la Costa del Sol y no de una ciudad donde llueve constantemente\u201d.<\/p>\n<p>Para el socialista, \u201clo que los santanderinos quieren es tener un acceso m\u00e1s r\u00e1pido y m\u00e1s f\u00e1cil desde sus barrios al centro de la ciudad o para moverse entre barrios\u201d, y para ello, Casares considera que \u201cse necesita m\u00e1s personal y m\u00e1s autobuses para mejorar frecuencias y horarios y no un carril central que cruza la ciudad del Sardinero a Valdecilla\u201d. <\/p>\n","protected":false},"excerpt":{"rendered":"<p>El secretario general y portavoz municipal, Pedro Casares en el Ayuntamiento de Santander, ha reiterado hoy que la &#8220;unica soluci\u00f3n&#8221; al problema del metroTUS pasa por paralizar el proyecto &#8220;y sentarse a pensar en como mejorar la movilidad en el transporte urbano&#8221;. Casares ha realizado estas afirmaciones en un encuentro con asociaciones de vecinos y [&hellip;]<\/p>\n","protected":false},"author":2,"featured_media":1269,"comment_status":"open","ping_status":"open","sticky":false,"template":"","format":"standard","meta":{"tdm_status":"","tdm_grid_status":"","footnotes":""},"categories":[20,16],"tags":[],"class_list":["post-1331","post","type-post","status-publish","format-standard","has-post-thumbnail","hentry","category-santander","category-noticias-santander"],"_links":{"self":[{"href":"https:\/\/www.psc-psoe.es\/index.php\/wp-json\/wp\/v2\/posts\/1331","targetHints":{"allow":["GET"]}}],"collection":[{"href":"https:\/\/www.psc-psoe.es\/index.php\/wp-json\/wp\/v2\/posts"}],"about":[{"href":"https:\/\/www.psc-psoe.es\/index.php\/wp-json\/wp\/v2\/types\/post"}],"author":[{"embeddable":true,"href":"https:\/\/www.psc-psoe.es\/index.php\/wp-json\/wp\/v2\/users\/2"}],"replies":[{"embeddable":true,"href":"https:\/\/www.psc-psoe.es\/index.php\/wp-json\/wp\/v2\/comments?post=1331"}],"version-history":[{"count":0,"href":"https:\/\/www.psc-psoe.es\/index.php\/wp-json\/wp\/v2\/posts\/1331\/revisions"}],"wp:featuredmedia":[{"embeddable":true,"href":"https:\/\/www.psc-psoe.es\/index.php\/wp-json\/wp\/v2\/media\/1269"}],"wp:attachment":[{"href":"https:\/\/www.psc-psoe.es\/index.php\/wp-json\/wp\/v2\/media?parent=1331"}],"wp:term":[{"taxonomy":"category","embeddable":true,"href":"https:\/\/www.psc-psoe.es\/index.php\/wp-json\/wp\/v2\/categories?post=1331"},{"taxonomy":"post_tag","embeddable":true,"href":"https:\/\/www.psc-psoe.es\/index.php\/wp-json\/wp\/v2\/tags?post=1331"}],"curies":[{"name":"wp","href":"https:\/\/api.w.org\/{rel}","templated":true}]}}