{"id":1328,"date":"2018-02-20T18:05:32","date_gmt":"2018-02-20T17:05:32","guid":{"rendered":"http:\/\/psc-psoe.es\/?p=1328"},"modified":"2019-02-19T13:26:17","modified_gmt":"2019-02-19T12:26:17","slug":"el-psoe-apoya-las-reivindicaciones-de-los-taxistastras-la-implantacion-del-metro-tus","status":"publish","type":"post","link":"https:\/\/www.psc-psoe.es\/index.php\/2018\/02\/20\/el-psoe-apoya-las-reivindicaciones-de-los-taxistastras-la-implantacion-del-metro-tus\/","title":{"rendered":"El PSOE apoya las reivindicaciones de los taxistastras la implantaci\u00f3n del metro-TUS"},"content":{"rendered":"<p>El secretario general y portavoz municipal del PSOE en el Ayuntamiento de Santander, Pedro Casares, ha trasladado su apoyo a las reivindicaciones de los taxistas \u201cque est\u00e1n sufriendo las consecuencias de la irresponsabilidad de la Alcaldesa\u201d. Lo ha hecho en el trascurso de una reuni\u00f3n con los presidentes de Radio-Taxi, Manu Andoni Ruiz, y de Tele-Taxi, Francisco Javier G\u00f3mez Ochoa, en la que se ha abordado c\u00f3mo ha afectado la implantaci\u00f3n del metro-TUS al sector.<\/p>\n<p>En este sentido, el l\u00edder socialista ha mostrado \u201cel apoyo total\u201d del PSOE a las iniciativas que las asociaciones de taxistas lleven a cabo \u201cpara poder desarrollar con normalidad su trabajo y prestar un buen servicio a los santanderinos\u201d.<\/p>\n<p>\u201cCada vez son m\u00e1s los obst\u00e1culos que el ayuntamiento est\u00e1 poniendo a los taxistas, y el metro-TUS ha sido un ejemplo m\u00e1s\u201d censura el edil. El portavoz del PSOE considera que \u201clos desprop\u00f3sitos\u201d del metro-TUS en relaci\u00f3n a los taxis \u201chan sido evidentes\u201d y demuestran que la alcaldesa, Gema Igual,\u201cimprovisa hasta los anuncios\u201d.<\/p>\n<p>Como prueba de ello, Casares ha recordado las contradicciones en el criterio sobre la posibilidad de utilizar el carril bus. \u201cPrimero era solo para autobuses urbanos de Santander, despu\u00e9s tambi\u00e9n para autobuses del resto de Cantabria, luego pod\u00edan utilizarlo los taxis de la ciudad, pero no pod\u00edan parar a recoger y dejar a gente, luego se les dijo que si, aunque les han puesto multas por ello y ahora est\u00e1n estudi\u00e1ndolo, despu\u00e9s se permite circular a las motos tambi\u00e9n, &#8230;\u201d explica Casares, que califica de \u201cvergonzosa y desastrosa\u201d la gesti\u00f3n del equipo de gobierno.<\/p>\n<p>El l\u00edder socialista quiere, y as\u00ed se lo ha trasladado a las asociaciones, que todos los taxis, \u201cde dentro y fuera de Santander\u201d puedan estacionar para recoger o dejar a personas en el carril del metro-TUS, sin la amenaza de que se les ponga una multa por ello.<\/p>\n<p>De la misma forma, Casares plantea que los veh\u00edculos particulares puedan detenerse a recoger y dejar a personas con discapacidad o movilidad reducida. \u201cNo podemos hacer m\u00e1s dif\u00edcil la vida a la gente, lo que tenemos que hacer desde las administraciones es dar facilidades, no ponerobst\u00e1culos\u201d.<\/p>\n<p>Para el l\u00edder de los socialistas santanderinos, la situaci\u00f3n \u201cesperp\u00e9ntica\u201d a la que se ha abocado a los taxis en Santander tras la implantaci\u00f3n del metro-TUS, no se habr\u00eda producido \u201csi el PP hubiera escuchado a las asociaciones de vecinos, usuarios, trabajadores del TUS, taxistas y a todos a los que el nuevo sistema de transporte urbano iba a afectar\u201d.<\/p>\n<p>\u201cLa Alcaldesa ha demostrado su prepotencia, no escuchando a nadie y ahora se ha dado de bruces con la realidad, y es plenamente consciente de que en Santander nadie quiere el metro-TUS\u201d, ha subrayado el portavoz socialista.<\/p>\n<p><strong>Servicio P\u00fablico<\/strong><\/p>\n<p>Adem\u00e1s, Pedro Casares ha trasladado a las asociaciones del sector del taxi el apoyo del PSOE a su reivindicaci\u00f3n de ser considerado un servicio p\u00fablico. \u201cLos taxis prestan un servicio p\u00fablico indudablemente esencial, y m\u00e1s en ciudades como Santander con una poblaci\u00f3n envejecida, donde muchas personas mayores necesitan hacer uso del taxi para poder desplazarse por la ciudad\u201d explica.<\/p>\n<p>Asimismo, el edil ha asegurado que apoyar\u00e1 a los taxistas en la reivindicaci\u00f3n de una parada \u201cvisible\u201d tanto en la zona de la Estaci\u00f3n Mar\u00edtima como en la plaza del entorno del Casino en el Sardinero, \u201ctras la reordenaci\u00f3n urbana de ambas zonas\u201d. \u201cLos taxis deben estar visibles para que los santanderinos y quienes nos visitan puedan hacer uso de ellos con plena comodidad\u201d enfatiza.<\/p>\n<p><strong>El jueves en el pleno, paralizar el proyecto<\/strong><\/p>\n<p>En cualquier caso, el portavoz socialista espera que el jueves todos los grupos municipales se unan para apoyar la moci\u00f3n que han presentado y se debatir\u00e1 en el pleno. \u201cSe trata de poner fin a este desprop\u00f3sito que ha montado la Alcaldesa y que ha costado m\u00e1s de 7 millones de euros\u201d, ha asegurado.<\/p>\n<p>\u201cLo que ahora toca es paralizar el proyecto, dar marcha atr\u00e1s y que el equipo de gobierno se siente con todos los implicados para dise\u00f1ar una red de transportes urbanos que mejore el transporte con m\u00e1s frecuencias, acerque la periferia al centro de la ciudad y resuelva los problemasde la gente, no genere nuevos\u201d ha concluido. <\/p>\n","protected":false},"excerpt":{"rendered":"<p>El secretario general y portavoz municipal del PSOE en el Ayuntamiento de Santander, Pedro Casares, ha trasladado su apoyo a las reivindicaciones de los taxistas \u201cque est\u00e1n sufriendo las consecuencias de la irresponsabilidad de la Alcaldesa\u201d. Lo ha hecho en el trascurso de una reuni\u00f3n con los presidentes de Radio-Taxi, Manu Andoni Ruiz, y de [&hellip;]<\/p>\n","protected":false},"author":2,"featured_media":1329,"comment_status":"open","ping_status":"open","sticky":false,"template":"","format":"standard","meta":{"tdm_status":"","tdm_grid_status":"","footnotes":""},"categories":[20,16],"tags":[],"class_list":["post-1328","post","type-post","status-publish","format-standard","has-post-thumbnail","hentry","category-santander","category-noticias-santander"],"_links":{"self":[{"href":"https:\/\/www.psc-psoe.es\/index.php\/wp-json\/wp\/v2\/posts\/1328","targetHints":{"allow":["GET"]}}],"collection":[{"href":"https:\/\/www.psc-psoe.es\/index.php\/wp-json\/wp\/v2\/posts"}],"about":[{"href":"https:\/\/www.psc-psoe.es\/index.php\/wp-json\/wp\/v2\/types\/post"}],"author":[{"embeddable":true,"href":"https:\/\/www.psc-psoe.es\/index.php\/wp-json\/wp\/v2\/users\/2"}],"replies":[{"embeddable":true,"href":"https:\/\/www.psc-psoe.es\/index.php\/wp-json\/wp\/v2\/comments?post=1328"}],"version-history":[{"count":0,"href":"https:\/\/www.psc-psoe.es\/index.php\/wp-json\/wp\/v2\/posts\/1328\/revisions"}],"wp:featuredmedia":[{"embeddable":true,"href":"https:\/\/www.psc-psoe.es\/index.php\/wp-json\/wp\/v2\/media\/1329"}],"wp:attachment":[{"href":"https:\/\/www.psc-psoe.es\/index.php\/wp-json\/wp\/v2\/media?parent=1328"}],"wp:term":[{"taxonomy":"category","embeddable":true,"href":"https:\/\/www.psc-psoe.es\/index.php\/wp-json\/wp\/v2\/categories?post=1328"},{"taxonomy":"post_tag","embeddable":true,"href":"https:\/\/www.psc-psoe.es\/index.php\/wp-json\/wp\/v2\/tags?post=1328"}],"curies":[{"name":"wp","href":"https:\/\/api.w.org\/{rel}","templated":true}]}}