{"id":1323,"date":"2018-02-19T13:55:23","date_gmt":"2018-02-19T12:55:23","guid":{"rendered":"http:\/\/psc-psoe.es\/?p=1323"},"modified":"2019-02-19T13:26:23","modified_gmt":"2019-02-19T12:26:23","slug":"psoe-y-prc-piden-la-paralizacion-del-proyecto-metro-tus","status":"publish","type":"post","link":"https:\/\/www.psc-psoe.es\/index.php\/2018\/02\/19\/psoe-y-prc-piden-la-paralizacion-del-proyecto-metro-tus\/","title":{"rendered":"PSOE y PRC piden la paralizaci\u00f3n del proyecto Metro-TUS"},"content":{"rendered":"<p>Los portavoces de los grupos municipales socialista y regionalista, Pedro Casares y Jos\u00e9 Mar\u00eda Fuentes-Pila, pedir\u00e1n en el Pleno que se celebrar\u00e1 este jueves, d\u00eda 22, \u201cla paralizaci\u00f3n\u201d del proyecto Metro-TUS, recuperar el sistema de transporte urbano anterior\u00a0 y, a partir de ese modelo, estudiar con la participaci\u00f3n de usuarios, trabajadores del servicio, asociaciones vecinales y colectivos afectados, mejoras en el servicio, el refuerzo de personal y el incremento y eventual reordenaci\u00f3n de frecuencias y l\u00edneas.<\/p>\n<p>As\u00ed se recoge en una moci\u00f3n que Casares y Fuentes-Pila han registrado esta ma\u00f1ana. Para ambos es claro \u201cel fracaso rotundo\u201d del sistema, \u201cimpuesto unilateralmente por el PP y que ahora sufren miles de santanderinos cada d\u00eda\u201d. As\u00ed, creen que es \u201chora\u201d de que el PP reconozca \u201cabiertamente que han tirado siete millones de euros a la basura y deje de perjudicar a miles de santanderinos\u201d.<\/p>\n<p>Para el portavoz del Grupo Municipal Socialista, el metro-TUS ha supuesto \u201cel caos generalizado\u201d afectando a la movilidad en el transporte urbano y tambi\u00e9n a la circulaci\u00f3n y al tr\u00e1fico de la ciudad. \u201cEl metro-TUS ni<span lang=\"ES\"> mejora las frecuencias, ni mejora la conexi\u00f3n del centro con los barrios perif\u00e9ricos, ni vertebra la ciudad en torno a una apuesta integral de movilidad\u201d denuncia el edil.<\/span><\/p>\n<p><span lang=\"ES\">\u00a0<\/span><span lang=\"ES\">\u201cHoy es el d\u00eda que los santanderinos tardan mucho m\u00e1s que hace un mes para realizar el mismo recorrido\u201d asegura Casares, que considera que<\/span><span lang=\"ES\"> las q<\/span>uejas, desconcierto y dudas del primer d\u00eda sobre el nuevo sistema de autobuses \u201cse han convertido en indignaci\u00f3n y protesta, calle a calle, barrio a barrio, al comprobar que el nuevo sistema no ha hecho m\u00e1s que empeorar el problema de la movilidad en Santander\u201d.<\/p>\n<p><span lang=\"ES\">\u00a0<\/span>En este sentido, Casares\u00a0 critica que el PP \u201cno solo fue incapaz de escuchar a la oposici\u00f3n durante meses, sino que tampoco ha escuchado a vecinos, usuarios, taxistas ni a los trabajadores de los transportes urbanos\u201d. Por ello, el portavoz socialista considera que \u201clo l\u00f3gico\u201d es paralizar el proyecto \u201cy empezar de nuevo sobre la situaci\u00f3n anterior\u201d.<\/p>\n<p><span lang=\"ES\">Adem\u00e1s, como recuerda el edil, \u201ca los m\u00e1s de 7 millones de euros gastados ya en esta obra, ahora habr\u00e1 que a\u00f1adir una modificaci\u00f3n de cr\u00e9dito presupuestario para redise\u00f1ar los intercambiadores y establecer mamparas que protejan del frio y la lluvia porque el dise\u00f1o que han ideado es de intercambiadores de la Costa del Sol y no de una ciudad donde llueve constantemente\u201d.<\/span><\/p>\n<p><span lang=\"ES\">\u00a0<\/span>Para el socialista, \u201clo que los santanderinos quieren es tener un acceso m\u00e1s r\u00e1pido y m\u00e1s f\u00e1cil desde sus barrios al centro de la ciudad o para moverse entre barrios\u201d, y para ello, Casares considera que \u201cse necesita m\u00e1s personal y m\u00e1s autobuses para mejorar frecuencias y horarios y no un carril central que cruza la ciudad del Sardinero a Valdecilla\u201d.<\/p>\n<p><b>Dar por perdidos 7 millones<\/b><\/p>\n<p>Por su parte, Fuentes-Pila considera que \u201cfracaso del sistema es claro\u201d y la cr\u00edtica al mismo es \u201cun\u00e1nime y rotunda\u201d. \u201cHan tirado siete millones de euros y han convertido la movilidad en un casos, en una carrera de obst\u00e1culos\u201d, ha lamentado el regionalista, quien ha recordado que su formaci\u00f3n alert\u00f3 \u201cen numerosas ocasiones\u201d que el sistema traer\u00eda consigo una reducci\u00f3n de l\u00edneas y frecuencias, adem\u00e1s de los trasbordos, pese a que el equipo de Gobierno \u201cocultase la realidad del modelo\u201d. \u201cPedimos en Pleno que se paralizase el Metro-TUS, pero el PP y el edil no adscrito David Gonz\u00e1lez lo impidieron\u201d, ha recordado al respecto.<\/p>\n<p>Ahora, ante la disyuntiva de \u201cdar por perdidos 7 millones de euros o seguir perjudicando a los santanderinos\u201d, considera que ha llegado el momento de asumir que esos siete millones \u201cya se han perdido, ya los ha perdido el PP\u201d y es necesario apostar por \u201cdejar de perjudicar a los usuarios del TUS\u201d. \u201cEl PP pide paciencia, promete parches, cuando la paciencia de los santanderinos ya se ha acabado y los parches no van a arreglar un modelo que no funciona, que ha fracasado\u201d, ha afirmado.<\/p>\n<p>Para el regionalista, si el PP hubiese \u201cpreguntado antes de imponer\u201d, se hubiesen \u201cdado cuenta a tiempo\u201d de que lo que piden los usuarios del autob\u00fas municipal es m\u00e1s frecuencias y nuevas l\u00edneas. Por eso, defiende la \u201curgencia\u201d de volver al modelo anterior y \u201ccon consenso y di\u00e1logo\u201d buscar c\u00f3mo mejorarlo, \u201csin nombres rimbombantes ni mamotretos de hormig\u00f3n, sino con el \u00fanico objetivo de facilitar los desplazamientos a los santanderinos\u201d.<\/p>\n<p>Por \u00faltimo, ha \u201cdeseado\u201d que \u201cpor una vez\u201d el PP muestre la \u201chumildad necesaria para asumir que este proyecto ha sido un desastre, que est\u00e1n fastidiando a miles de santanderinos y que la \u00fanica opci\u00f3n es paralizarlo\u201d. \u201cHa quedado claro que todo Santander est\u00e1 en contra, queda por ver si el PP opta por asumir su error u opta por continuar con esta imposici\u00f3n\u201d, ha finalizado. <\/p>\n","protected":false},"excerpt":{"rendered":"<p>Los portavoces de los grupos municipales socialista y regionalista, Pedro Casares y Jos\u00e9 Mar\u00eda Fuentes-Pila, pedir\u00e1n en el Pleno que se celebrar\u00e1 este jueves, d\u00eda 22, \u201cla paralizaci\u00f3n\u201d del proyecto Metro-TUS, recuperar el sistema de transporte urbano anterior\u00a0 y, a partir de ese modelo, estudiar con la participaci\u00f3n de usuarios, trabajadores del servicio, asociaciones vecinales [&hellip;]<\/p>\n","protected":false},"author":2,"featured_media":1324,"comment_status":"open","ping_status":"open","sticky":false,"template":"","format":"standard","meta":{"tdm_status":"","tdm_grid_status":"","footnotes":""},"categories":[20,16],"tags":[],"class_list":["post-1323","post","type-post","status-publish","format-standard","has-post-thumbnail","hentry","category-santander","category-noticias-santander"],"_links":{"self":[{"href":"https:\/\/www.psc-psoe.es\/index.php\/wp-json\/wp\/v2\/posts\/1323","targetHints":{"allow":["GET"]}}],"collection":[{"href":"https:\/\/www.psc-psoe.es\/index.php\/wp-json\/wp\/v2\/posts"}],"about":[{"href":"https:\/\/www.psc-psoe.es\/index.php\/wp-json\/wp\/v2\/types\/post"}],"author":[{"embeddable":true,"href":"https:\/\/www.psc-psoe.es\/index.php\/wp-json\/wp\/v2\/users\/2"}],"replies":[{"embeddable":true,"href":"https:\/\/www.psc-psoe.es\/index.php\/wp-json\/wp\/v2\/comments?post=1323"}],"version-history":[{"count":0,"href":"https:\/\/www.psc-psoe.es\/index.php\/wp-json\/wp\/v2\/posts\/1323\/revisions"}],"wp:featuredmedia":[{"embeddable":true,"href":"https:\/\/www.psc-psoe.es\/index.php\/wp-json\/wp\/v2\/media\/1324"}],"wp:attachment":[{"href":"https:\/\/www.psc-psoe.es\/index.php\/wp-json\/wp\/v2\/media?parent=1323"}],"wp:term":[{"taxonomy":"category","embeddable":true,"href":"https:\/\/www.psc-psoe.es\/index.php\/wp-json\/wp\/v2\/categories?post=1323"},{"taxonomy":"post_tag","embeddable":true,"href":"https:\/\/www.psc-psoe.es\/index.php\/wp-json\/wp\/v2\/tags?post=1323"}],"curies":[{"name":"wp","href":"https:\/\/api.w.org\/{rel}","templated":true}]}}