{"id":1308,"date":"2018-02-17T16:45:54","date_gmt":"2018-02-17T15:45:54","guid":{"rendered":"http:\/\/psc-psoe.es\/?p=1308"},"modified":"2019-02-19T13:26:34","modified_gmt":"2019-02-19T12:26:34","slug":"el-psoe-denuncia-la-escandalosa-gestion-de-la-puesta-en-marcha-del-metro-tus","status":"publish","type":"post","link":"https:\/\/www.psc-psoe.es\/index.php\/2018\/02\/17\/el-psoe-denuncia-la-escandalosa-gestion-de-la-puesta-en-marcha-del-metro-tus\/","title":{"rendered":"El PSOE denuncia la escandalosa gesti\u00f3n de la puesta en marcha del metro-TUS"},"content":{"rendered":"<p>El secretario general y portavoz municipal en el Ayuntamiento de Santander,Pedro Casares, denuncia la escandalosa gesti\u00f3n del equipo de gobierno del Partido Popular con el proyecto del metro-TUS y su puesta en marcha.<\/p>\n<p>Lo ha hecho en el trascurso de un encuentro con vecinos y afectados por los cambios, que se ha celebrado esta tarde en la sede del PSOE. \u201cQueremos recoger las ideas, propuestas y quejas de la ciudadan\u00eda, que est\u00e1n siendo los principales perjudicados por la reordenaci\u00f3n de l\u00edneas de autob\u00fas, una decisi\u00f3n unilateral del PP\u201d enfatiza.<\/p>\n<p>\u201cComo hemos denunciado desde que presentaron el proyecto, el metro-TUS no mejora las frecuencias, no mejora la conexi\u00f3n con los barrios perif\u00e9ricos y hoy es el d\u00eda que los santanderinos tardan mucho m\u00e1s que hace un mes para realizar el mismo recorrido\u201d subraya el edil.<\/p>\n<p>Adem\u00e1s, el portavoz del PSOE critica que este proyecto ha costado m\u00e1s de 7 millones de euros, a los que ahora habr\u00e1 que a\u00f1adir un cr\u00e9dito extraordinario para modificar los intercambiadores y colocar mamparas para proteger de las inclemencias meteorol\u00f3gicas.<\/p>\n<p>\u201cFijaos si pensaron poco en el proyecto del metro-TUS m\u00e1s all\u00e1 de gastar millones de euros, que en una ciudad como Santander, que llueve todos los meses del a\u00f1o, han puesto intercambiadores m\u00e1s propios de Santa Cruz de Tenerife y ahora vamos a tener que gastar m\u00e1s dinero para acondicionarlos. Es una aut\u00e9ntica verg\u00fcenza\u201d critica Casares.<\/p>\n<p>Otro de los ejemplos que evidencian \u201cla improvisaci\u00f3n del proyecto\u201d es que el carril bus desde su puesta en marcha ha sufrido variaciones en cuanto a su uso. \u201cPrimero solo pod\u00edan usarlo autobuses, luego permitieron tras la protesta que circular\u00e1n taxis. A los que seles dijo que no se les iba a multar por hacer paradas, pero hoy es el d\u00eda que se les ha multado y ahora van a pensar c\u00f3mo solucionarlo, y as\u00ed un no parar de desprop\u00f3sitos\u201d.<\/p>\n<p><span class=\"Apple-style-span\">En<\/span>\u00a0este sentido, el edil, para quien el proyecto es un \u201cdesastre\u201d, critica que el PP \u201cllame desajustes\u201d a un proyecto lleno de incoherencias e improvisaciones. \u201cNo est\u00e1n sincronizados los autobuses y las conexiones en los intercambiadores, hay zonas perif\u00e9ricas que antes llegaban en autob\u00fas directamente al centro y ahora tienen que cambiar de autob\u00fas, hay menos frecuencias en determinadas l\u00edneas\u201d denuncia.<\/p>\n<p><strong>Paralizar el proyecto<\/strong><\/p>\n<p>El l\u00edder de los socialistas santanderinos critica que el PP \u201cno solo fue incapaz de escuchar a la oposici\u00f3n durante meses, sino que tampoco ha escuchado a vecinos, usuarios, taxistas, trabajadores de los transportes urbanos y agentes sociales\u201d. \u201cHoy los vecinos que viven en Cueto, Pe\u00f1acastillo, Primero de Mayo, Campogiro, Nueva Monta\u00f1a, Monte y San Rom\u00e1n son los principales afectados pero el problema es de toda la ciudad\u201d.<\/p>\n<p>Para Casares, \u201ces necesario paralizar el proyecto, sentarse a dialogar con todas las partes implicadas y buscar soluciones que no perjudiquen a los ciudadanos ni agraven los problemas de movilidad en Santander\u201d.<\/p>\n<p>\u201cEs necesario que ahora se haga lo que deber\u00edan haber hecho antes de poner en marcha el proyecto, que es dialogar y analizar las necesidades de los usuarios para que el metro-TUS sirviese para mejorar las conexiones y no para empeorarlas\u201d. \u201cLos ciudadanos lo \u00fanico que quieren es que no se les perjudique, que no empeoren\u201d, algo totalmente razonable.<\/p>\n<p>\u201cLo que no es razonable es la actitud de la alcaldesa diciendo hoy que \u201ca los ciudadanos hay que ense\u00f1arles, acostumbrarles y deben usar bien el metro-TUS\u201d. Es una tomadura de pelo, nos toma por tontos a los ciudadanos. Es impropio de una alcaldesa\u201d, ha asegurado el portavoz socialista.<\/p>\n<p>No se trata de que los usuarios del TUS se enfaden o no como ha asegurado la alcaldesa, se trata de hacer las cosas bien, de forma razonable y no gastar el dinero p\u00fablico en empeorar la calidad de vida de la gente\u201d ha afirmado Casares.<\/p>\n<p>Por \u00faltimo, Pedro Casares critica que el Partido Popular \u201cno se ha tomado enserio abordar una estrategia global para mejorar la movilidad en Santander y apostar por potenciar el transporte p\u00fablico\u201d. \u201cAhora tenemos un carril bus que no genera ninguna mejora, pero adem\u00e1s obstaculiza el trafico a\u00fan m\u00e1s, generando problemas que antes no exist\u00edan\u201d concluye. <\/p>\n","protected":false},"excerpt":{"rendered":"<p>El secretario general y portavoz municipal en el Ayuntamiento de Santander,Pedro Casares, denuncia la escandalosa gesti\u00f3n del equipo de gobierno del Partido Popular con el proyecto del metro-TUS y su puesta en marcha. Lo ha hecho en el trascurso de un encuentro con vecinos y afectados por los cambios, que se ha celebrado esta tarde [&hellip;]<\/p>\n","protected":false},"author":2,"featured_media":1309,"comment_status":"open","ping_status":"open","sticky":false,"template":"","format":"standard","meta":{"tdm_status":"","tdm_grid_status":"","footnotes":""},"categories":[20,16],"tags":[],"class_list":["post-1308","post","type-post","status-publish","format-standard","has-post-thumbnail","hentry","category-santander","category-noticias-santander"],"_links":{"self":[{"href":"https:\/\/www.psc-psoe.es\/index.php\/wp-json\/wp\/v2\/posts\/1308","targetHints":{"allow":["GET"]}}],"collection":[{"href":"https:\/\/www.psc-psoe.es\/index.php\/wp-json\/wp\/v2\/posts"}],"about":[{"href":"https:\/\/www.psc-psoe.es\/index.php\/wp-json\/wp\/v2\/types\/post"}],"author":[{"embeddable":true,"href":"https:\/\/www.psc-psoe.es\/index.php\/wp-json\/wp\/v2\/users\/2"}],"replies":[{"embeddable":true,"href":"https:\/\/www.psc-psoe.es\/index.php\/wp-json\/wp\/v2\/comments?post=1308"}],"version-history":[{"count":0,"href":"https:\/\/www.psc-psoe.es\/index.php\/wp-json\/wp\/v2\/posts\/1308\/revisions"}],"wp:featuredmedia":[{"embeddable":true,"href":"https:\/\/www.psc-psoe.es\/index.php\/wp-json\/wp\/v2\/media\/1309"}],"wp:attachment":[{"href":"https:\/\/www.psc-psoe.es\/index.php\/wp-json\/wp\/v2\/media?parent=1308"}],"wp:term":[{"taxonomy":"category","embeddable":true,"href":"https:\/\/www.psc-psoe.es\/index.php\/wp-json\/wp\/v2\/categories?post=1308"},{"taxonomy":"post_tag","embeddable":true,"href":"https:\/\/www.psc-psoe.es\/index.php\/wp-json\/wp\/v2\/tags?post=1308"}],"curies":[{"name":"wp","href":"https:\/\/api.w.org\/{rel}","templated":true}]}}