{"id":1296,"date":"2018-02-13T13:39:14","date_gmt":"2018-02-13T12:39:14","guid":{"rendered":"http:\/\/psc-psoe.es\/?p=1296"},"modified":"2019-02-19T13:26:56","modified_gmt":"2019-02-19T12:26:56","slug":"el-psoe-pide-al-pp-que-deje-de-empanar-el-futuro-del-mupac","status":"publish","type":"post","link":"https:\/\/www.psc-psoe.es\/index.php\/2018\/02\/13\/el-psoe-pide-al-pp-que-deje-de-empanar-el-futuro-del-mupac\/","title":{"rendered":"El PSOE pide al PP que deje de empa\u00f1ar el futuro del MUPAC"},"content":{"rendered":"<p class=\"m_6953207753959808428m_-3791395974398703293gmail-m5131965616403564045gmail-m-2768253029671462617s12\">El secretario general y portavoz municipal, Pedro Casares en el Ayuntamiento de Santander, ha pedido al Partido Popular que deje de empa\u00f1ar el futuro del MUPAC.<\/p>\n<p class=\"m_6953207753959808428m_-3791395974398703293gmail-m5131965616403564045gmail-m-2768253029671462617s12\">Casares responde as\u00ed tras las declaraciones del portavoz del Partido Popular de Cantabria que afirmaba hoy que el cambio de sede del MUPAC es una \u201cburla\u201d para la cultura y para Santander.<\/p>\n<p class=\"m_6953207753959808428m_-3791395974398703293gmail-m5131965616403564045gmail-m-2768253029671462617s12\"><span class=\"Apple-style-span\">\u201cLo que es una aut\u00e9ntica burla es que el Partido Popular sin ning\u00fan dato ni informe y solo con el \u00e1nimo de desgastar al Gobierno de Cantabria\u00a0\u00a0<\/span><span class=\"Apple-style-span\">hablen y hablen de la ubicaci\u00f3n del MUPAC cuando jam\u00e1s les ha importado nada el museo\u201d enfatiza el edil.<\/span><\/p>\n<p class=\"m_6953207753959808428m_-3791395974398703293gmail-m5131965616403564045gmail-m-2768253029671462617s12\">El portavoz del PSOE afirma, ir\u00f3nicamente, que \u201ces curioso\u201d que la dejaci\u00f3n de funciones del equipo de gobierno del PP en el Ayuntamiento \u201cllegue a tal punto\u201d que tiene que ser la direcci\u00f3n regional la que pone voz a sus cr\u00edticas sobre la ubicaci\u00f3n del MUPAC en Puertochico.<\/p>\n<p class=\"m_6953207753959808428m_-3791395974398703293gmail-m5131965616403564045gmail-m-2768253029671462617s12\"><span class=\"Apple-style-span\">En este sentido asegura que \u201cla alcaldesa es tan cobarde que prefiere refugiarse en Buruaga para criticar la ubicaci\u00f3n del MUPAC porque sabe perfectamente que el nuevo emplazamiento responde a cuestiones t\u00e9cnicas objetivas que lo hacen mejor para el museo\u201d.<\/span><\/p>\n<p class=\"m_6953207753959808428m_-3791395974398703293gmail-m5131965616403564045gmail-m-2768253029671462617s12\"><span class=\"Apple-style-span\">Para Casares, la alcaldesa de Santander no puede criticar el nuevo emplazamiento y defender el anterior \u201cporque fueron ellos mismos los que consideraban que el MUPAC no deb\u00eda estar en Gamazo\u201d. Por eso, se\u00f1ala, \u201cahora la critica la hacen con la boca peque\u00f1a\u201d.<\/span><\/p>\n<p class=\"m_6953207753959808428m_-3791395974398703293gmail-m5131965616403564045gmail-m-2768253029671462617s12\"><span class=\"Apple-style-span\">\u201cLa nueva ubicaci\u00f3n en Puertochico generar\u00e1 menos costes, se construir\u00e1 en un solar ya apto para construir un edificio y adem\u00e1s servir\u00e1 para revitalizar una zona importante del casco urbano de Santander\u201d recuerda el edil, a la vez que se\u00f1ala que \u201cson falsas las acusaciones contra el Gobierno regional y la mejor demostraci\u00f3n es que este a\u00f1o, por primera vez en la historia, el presupuesto tiene una partida de 2,5 millones de euros para iniciar el proyecto\u201d.<\/span><\/p>\n<p class=\"m_6953207753959808428m_-3791395974398703293gmail-m5131965616403564045gmail-m-2768253029671462617s12\"><span class=\"Apple-style-span\">Por \u00faltimo, Pedro Casares se\u00f1ala que \u201cel Partido Popular deber\u00eda dejar de lado la crispaci\u00f3n y trabajar junto al Gobierno en hacer que el proyecto del MUPAC se haga de una vez por todas en la mejor ubicaci\u00f3n para el museo y para la cuidad, solo sus demostraran que su inter\u00e9s es el de los santanderinos\u201d.<\/span><\/p>\n<div><\/div>\n<div><span lang=\"ES\">\u00a0<\/span><\/div>\n","protected":false},"excerpt":{"rendered":"<p>El secretario general y portavoz municipal, Pedro Casares en el Ayuntamiento de Santander, ha pedido al Partido Popular que deje de empa\u00f1ar el futuro del MUPAC. Casares responde as\u00ed tras las declaraciones del portavoz del Partido Popular de Cantabria que afirmaba hoy que el cambio de sede del MUPAC es una \u201cburla\u201d para la cultura [&hellip;]<\/p>\n","protected":false},"author":2,"featured_media":827,"comment_status":"open","ping_status":"open","sticky":false,"template":"","format":"standard","meta":{"tdm_status":"","tdm_grid_status":"","footnotes":""},"categories":[20,16],"tags":[],"class_list":["post-1296","post","type-post","status-publish","format-standard","has-post-thumbnail","hentry","category-santander","category-noticias-santander"],"_links":{"self":[{"href":"https:\/\/www.psc-psoe.es\/index.php\/wp-json\/wp\/v2\/posts\/1296","targetHints":{"allow":["GET"]}}],"collection":[{"href":"https:\/\/www.psc-psoe.es\/index.php\/wp-json\/wp\/v2\/posts"}],"about":[{"href":"https:\/\/www.psc-psoe.es\/index.php\/wp-json\/wp\/v2\/types\/post"}],"author":[{"embeddable":true,"href":"https:\/\/www.psc-psoe.es\/index.php\/wp-json\/wp\/v2\/users\/2"}],"replies":[{"embeddable":true,"href":"https:\/\/www.psc-psoe.es\/index.php\/wp-json\/wp\/v2\/comments?post=1296"}],"version-history":[{"count":0,"href":"https:\/\/www.psc-psoe.es\/index.php\/wp-json\/wp\/v2\/posts\/1296\/revisions"}],"wp:featuredmedia":[{"embeddable":true,"href":"https:\/\/www.psc-psoe.es\/index.php\/wp-json\/wp\/v2\/media\/827"}],"wp:attachment":[{"href":"https:\/\/www.psc-psoe.es\/index.php\/wp-json\/wp\/v2\/media?parent=1296"}],"wp:term":[{"taxonomy":"category","embeddable":true,"href":"https:\/\/www.psc-psoe.es\/index.php\/wp-json\/wp\/v2\/categories?post=1296"},{"taxonomy":"post_tag","embeddable":true,"href":"https:\/\/www.psc-psoe.es\/index.php\/wp-json\/wp\/v2\/tags?post=1296"}],"curies":[{"name":"wp","href":"https:\/\/api.w.org\/{rel}","templated":true}]}}