{"id":1290,"date":"2018-02-13T14:35:44","date_gmt":"2018-02-13T13:35:44","guid":{"rendered":"http:\/\/psc-psoe.es\/?p=1290"},"modified":"2019-02-19T13:27:12","modified_gmt":"2019-02-19T12:27:12","slug":"el-psoe-denuncia-la-negligencia-y-dejacion-de-funciones-en-el-incendio-del-mas","status":"publish","type":"post","link":"https:\/\/www.psc-psoe.es\/index.php\/2018\/02\/13\/el-psoe-denuncia-la-negligencia-y-dejacion-de-funciones-en-el-incendio-del-mas\/","title":{"rendered":"El PSOE denuncia la negligencia y dejaci\u00f3n de funciones en el incendio del MAS"},"content":{"rendered":"<p class=\"m_-2992626175688789434gmail-m-2768253029671462617s12\">El secretario general y portavoz municipal, Pedro Casares en el Ayuntamiento de Santander, considera que la comisi\u00f3n sobre el Museo de Arte Moderno y Contempor\u00e1neo (MAS) no aporta nada nuevo sin permitir que comparezcan t\u00e9cnicos y empresas.<\/p>\n<p class=\"m_-2992626175688789434gmail-m-2768253029671462617s12\">Casares denuncia que el equipo de gobierno del PP ha presentado \u201cuna comisi\u00f3n descafeinada\u201d porque solo ha comparecido el director del muso, y no han comparecido dos de los tres t\u00e9cnicos \u201cque hab\u00edamos solicitado\u201d ni nadie de las empresas implicadas en el incendio.<\/p>\n<p class=\"m_-2992626175688789434gmail-m-2768253029671462617s12\">\u201cNi siquiera hab\u00eda inventario de la colecci\u00f3n bibliogr\u00e1fica por la falta de medios t\u00e9cnicos y humanos y adem\u00e1s ya no lo esconden. Es un esc\u00e1ndalo\u201d denuncia el l\u00edder socialista.<\/p>\n<p class=\"m_-2992626175688789434gmail-m-2768253029671462617s12\">En este sentido, el edil asegura que va a seguir exigiendo que se depuren responsabilidades \u201cporque si hay una certeza es que ha habido una negligencia y dejaci\u00f3n de funciones en la responsabilidad pol\u00edtica de controlar el estado en el que se estaban realizando las obras\u201d.<\/p>\n<p class=\"m_-2992626175688789434gmail-m-2768253029671462617s12\">El portavoz socialista, que considera que el Ayuntamiento de Santander \u201cno puede renunciar a conocer las causas del incendio\u201d, recuerda que tres meses despu\u00e9s \u201cseguimos sin saber la verdad\u201d de lo ocurrido en el museo.<\/p>\n<p class=\"m_-2992626175688789434gmail-m-2768253029671462617s12\">\u201cLos socialistas no nos vamos a cansar hasta que se conozca la verdad, se depuren responsabilidades y lo m\u00e1s importante es extraer la lecci\u00f3n pol\u00edtica para que todo el desprop\u00f3sito que ha habido en torno al MAS no vuelva a ocurrir\u201d denuncia el l\u00edder de los socialistas santanderinos.<\/p>\n<p class=\"m_-2992626175688789434gmail-m-2768253029671462617s12\"><strong>Se exigen certezas, no intuici\u00f3n<\/strong><\/p>\n<p class=\"m_-2992626175688789434gmail-m-2768253029671462617s12\">Para Casares, \u201ces absolutamente irresponsable\u201d que la concejala de Cultura afirme en la comisi\u00f3n que tiene la intuici\u00f3n de que en un a\u00f1o estar\u00e1n las obras otra vez en el MAS. \u201cEstoy seguro que en un a\u00f1o es imposible que el museo vuelva a estar en condiciones de albergar toda la colecci\u00f3n que hab\u00eda antes del incendio\u201d asegura el edil.<\/p>\n<p class=\"m_-2992626175688789434gmail-m-2768253029671462617s12\">El portavoz del PSOE a\u00f1ade que \u201cde un responsable p\u00fablico se esperan certezas, no intuiciones, que dan buena muestra del grado de irresponsabilidad de quien las anuncia\u201d.<\/p>\n<p class=\"m_-2992626175688789434gmail-m-2768253029671462617s12\">No obstante, el edil se\u00f1ala que tras la comisi\u00f3n hay algunas certezas, \u201cque hoy han quedado demostradas\u201d. \u201cEl bunker no era un bunker, prueba de ello es que inmediatamente se han tenido que trasladar las obras\u201d recuerda el edil, a la vez que afirma que tambi\u00e9n hay otra certeza \u201csi las cosas hubieran funcionado bien, hoy no estar\u00edamos hablando de los da\u00f1os que se han producido en el MAS, que demuestra la irresponsabilidad pol\u00edtica y la negligencia del equipo de gobierno\u201d.<\/p>\n<p class=\"m_-2992626175688789434gmail-m-2768253029671462617s12\">Por \u00faltimo, Pedro Casares recuerda que \u201cla poca informaci\u00f3n que se conoce\u201d es porque el PRC y el PSOE lo han exigido desde el incendio. En este sentido, asegura que \u201csi hoy se celebra esta comisi\u00f3n es porque socialistas y regionalistas la hemos pedido, no es a iniciativa del Partido Popular\u201d.<\/p>\n<p class=\"m_-2992626175688789434gmail-m-2768253029671462617s12\"><span class=\"Apple-style-span\">\u00a0<\/span><\/p>\n","protected":false},"excerpt":{"rendered":"<p>El secretario general y portavoz municipal, Pedro Casares en el Ayuntamiento de Santander, considera que la comisi\u00f3n sobre el Museo de Arte Moderno y Contempor\u00e1neo (MAS) no aporta nada nuevo sin permitir que comparezcan t\u00e9cnicos y empresas. Casares denuncia que el equipo de gobierno del PP ha presentado \u201cuna comisi\u00f3n descafeinada\u201d porque solo ha comparecido [&hellip;]<\/p>\n","protected":false},"author":2,"featured_media":1291,"comment_status":"open","ping_status":"open","sticky":false,"template":"","format":"standard","meta":{"tdm_status":"","tdm_grid_status":"","footnotes":""},"categories":[20,16],"tags":[],"class_list":["post-1290","post","type-post","status-publish","format-standard","has-post-thumbnail","hentry","category-santander","category-noticias-santander"],"_links":{"self":[{"href":"https:\/\/www.psc-psoe.es\/index.php\/wp-json\/wp\/v2\/posts\/1290","targetHints":{"allow":["GET"]}}],"collection":[{"href":"https:\/\/www.psc-psoe.es\/index.php\/wp-json\/wp\/v2\/posts"}],"about":[{"href":"https:\/\/www.psc-psoe.es\/index.php\/wp-json\/wp\/v2\/types\/post"}],"author":[{"embeddable":true,"href":"https:\/\/www.psc-psoe.es\/index.php\/wp-json\/wp\/v2\/users\/2"}],"replies":[{"embeddable":true,"href":"https:\/\/www.psc-psoe.es\/index.php\/wp-json\/wp\/v2\/comments?post=1290"}],"version-history":[{"count":0,"href":"https:\/\/www.psc-psoe.es\/index.php\/wp-json\/wp\/v2\/posts\/1290\/revisions"}],"wp:featuredmedia":[{"embeddable":true,"href":"https:\/\/www.psc-psoe.es\/index.php\/wp-json\/wp\/v2\/media\/1291"}],"wp:attachment":[{"href":"https:\/\/www.psc-psoe.es\/index.php\/wp-json\/wp\/v2\/media?parent=1290"}],"wp:term":[{"taxonomy":"category","embeddable":true,"href":"https:\/\/www.psc-psoe.es\/index.php\/wp-json\/wp\/v2\/categories?post=1290"},{"taxonomy":"post_tag","embeddable":true,"href":"https:\/\/www.psc-psoe.es\/index.php\/wp-json\/wp\/v2\/tags?post=1290"}],"curies":[{"name":"wp","href":"https:\/\/api.w.org\/{rel}","templated":true}]}}