{"id":1288,"date":"2018-02-13T13:34:18","date_gmt":"2018-02-13T12:34:18","guid":{"rendered":"http:\/\/psc-psoe.es\/?p=1288"},"modified":"2019-02-19T13:27:20","modified_gmt":"2019-02-19T12:27:20","slug":"el-psoe-pide-al-ateneo-que-no-permita-la-conferencia-titulada-la-dictadura-de-la-ideologia-de-genero","status":"publish","type":"post","link":"https:\/\/www.psc-psoe.es\/index.php\/2018\/02\/13\/el-psoe-pide-al-ateneo-que-no-permita-la-conferencia-titulada-la-dictadura-de-la-ideologia-de-genero\/","title":{"rendered":"El PSOE pide al Ateneo que no permita la conferencia titulada \u201cLa dictadura de la ideolog\u00eda de g\u00e9nero\u201d"},"content":{"rendered":"<p><span lang=\"ES\">El secretario general y portavoz municipal, Pedro Casares en el Ayuntamiento de Santander, ha pedido hoy que el Ateneo de Santander que no permita que se celebre este jueves, 15 de febrero, la conferencia titulada \u201cLa dictadura de la ideolog\u00eda de g\u00e9nero\u201d.<\/span><\/p>\n<p><span lang=\"ES\">Casares considera que no se puede permitir \u201cbajo ning\u00fan concepto\u201d que en entidades culturales que reciben subvenciones p\u00fablicas se d\u00e9 cobijo a teor\u00edas que cuestionan la violencia de g\u00e9nero o atentan contra la libertad sexual de las personas.<\/span><\/p>\n<p><span lang=\"ES\">\u201cEste tipo de conferencias que se amparan bajo el paraguas de la libertad de expresi\u00f3n fracturan la convivencia, dividen a la sociedad y cuestionan principios universales como la igualdad, que jam\u00e1s deben tener critica alguna\u201d asegura el edil.<\/span><\/p>\n<p><span lang=\"ES\">Para el l\u00edder socialista, la conferencia \u201cfomenta la negaci\u00f3n y el rechazo a la violencia\u00a0\u00a0 machista y tambi\u00e9n atenta contra los derechos sexuales de las personas. \u201cEs una irresponsabilidad permitir este tipo de manifestaciones que cuestionan la lucha por la igualdad que tanto est\u00e1 cost\u00e1ndonos llevar a cabo\u201d.<\/span><\/p>\n<p><span lang=\"ES\">En este sentido, el l\u00edder de los socialistas santanderinos pide a la Alcaldesa de Santander, Gema Igual, que se pronuncie \u201cy rechace tajantemente esta conferencia\u201d e interceda para impedir la celebraci\u00f3n de este acto. \u201cEn su mano est\u00e1 como alcaldesa de la ciudad pedir que estas asociaciones no tengan un espacio p\u00fablico como altavoz para sus ataques a los derechos y a la libertad e igualdad de las personas\u201d.<\/span><\/p>\n<p><span lang=\"ES\">Por ello, Casares trasladar\u00e1 ma\u00f1ana una petici\u00f3n a la alcaldesa para que el Ayuntamiento de Santander rechace e impida la celebraci\u00f3n de este acto \u201cy condene expresamente actos que incitan a la discriminaci\u00f3n o ponen en entredicho la violencia machista\u201d.<\/span><\/p>\n<p><span lang=\"ES\">\u201cVivimos en un pa\u00eds donde en la \u00faltima d\u00e9cada han sido asesinadas m\u00e1s mujeres que v\u00edctimas del terrorismo etarra, en un pa\u00eds donde el a\u00f1o pasado fueron asesinadas m\u00e1s de 50 mujeres y en el que cada d\u00eda tenemos que salir a condenar la violencia que ejercen determinados hombres sobre las mujeres, y por tanto no se puede tolerar ese ataque al feminismo\u201d censura Casares.<\/span><\/p>\n<p><span lang=\"ES\">Por \u00faltimo, Pedro Casares considera que \u201cse empieza invisibilizando el papel activo de las mujeres en el avance hacia una sociedad m\u00e1s igualitaria y se acaba cuestionando la violencia machista\u201d. \u201cEsto es inadmisible en una sociedad democr\u00e1tica y en una ciudad abierta, plural y tolerante como Santander, en la que por encima de todo deben prevalecer los derechos b\u00e1sicos de los ciudadanos\u201d concluye.<\/span> <\/p>\n","protected":false},"excerpt":{"rendered":"<p>El secretario general y portavoz municipal, Pedro Casares en el Ayuntamiento de Santander, ha pedido hoy que el Ateneo de Santander que no permita que se celebre este jueves, 15 de febrero, la conferencia titulada \u201cLa dictadura de la ideolog\u00eda de g\u00e9nero\u201d. Casares considera que no se puede permitir \u201cbajo ning\u00fan concepto\u201d que en entidades [&hellip;]<\/p>\n","protected":false},"author":2,"featured_media":912,"comment_status":"open","ping_status":"open","sticky":false,"template":"","format":"standard","meta":{"tdm_status":"","tdm_grid_status":"","footnotes":""},"categories":[20,16],"tags":[],"class_list":["post-1288","post","type-post","status-publish","format-standard","has-post-thumbnail","hentry","category-santander","category-noticias-santander"],"_links":{"self":[{"href":"https:\/\/www.psc-psoe.es\/index.php\/wp-json\/wp\/v2\/posts\/1288","targetHints":{"allow":["GET"]}}],"collection":[{"href":"https:\/\/www.psc-psoe.es\/index.php\/wp-json\/wp\/v2\/posts"}],"about":[{"href":"https:\/\/www.psc-psoe.es\/index.php\/wp-json\/wp\/v2\/types\/post"}],"author":[{"embeddable":true,"href":"https:\/\/www.psc-psoe.es\/index.php\/wp-json\/wp\/v2\/users\/2"}],"replies":[{"embeddable":true,"href":"https:\/\/www.psc-psoe.es\/index.php\/wp-json\/wp\/v2\/comments?post=1288"}],"version-history":[{"count":0,"href":"https:\/\/www.psc-psoe.es\/index.php\/wp-json\/wp\/v2\/posts\/1288\/revisions"}],"wp:featuredmedia":[{"embeddable":true,"href":"https:\/\/www.psc-psoe.es\/index.php\/wp-json\/wp\/v2\/media\/912"}],"wp:attachment":[{"href":"https:\/\/www.psc-psoe.es\/index.php\/wp-json\/wp\/v2\/media?parent=1288"}],"wp:term":[{"taxonomy":"category","embeddable":true,"href":"https:\/\/www.psc-psoe.es\/index.php\/wp-json\/wp\/v2\/categories?post=1288"},{"taxonomy":"post_tag","embeddable":true,"href":"https:\/\/www.psc-psoe.es\/index.php\/wp-json\/wp\/v2\/tags?post=1288"}],"curies":[{"name":"wp","href":"https:\/\/api.w.org\/{rel}","templated":true}]}}