{"id":1268,"date":"2018-02-06T13:21:23","date_gmt":"2018-02-06T12:21:23","guid":{"rendered":"http:\/\/psc-psoe.es\/?p=1268"},"modified":"2019-02-19T13:27:34","modified_gmt":"2019-02-19T12:27:34","slug":"el-psoe-denuncia-la-mala-gestion-economica-del-pp-en-el-ayuntamiento-de-santander","status":"publish","type":"post","link":"https:\/\/www.psc-psoe.es\/index.php\/2018\/02\/06\/el-psoe-denuncia-la-mala-gestion-economica-del-pp-en-el-ayuntamiento-de-santander\/","title":{"rendered":"El PSOE denuncia la mala gesti\u00f3n econ\u00f3mica del PP en el Ayuntamiento de Santander"},"content":{"rendered":"<p class=\"m_-5351075048885405887m_1974964130135054916gmail-m_-7814192792848419435gmail-m-2768253029671462617s12\">El secretario general y portavoz municipal del PSOE en el Ayuntamiento de Santander, Pedro Casares, denuncia la mala gesti\u00f3n econ\u00f3mica del PP en el Ayuntamiento de Santander.<\/p>\n<p class=\"m_-5351075048885405887m_1974964130135054916gmail-m_-7814192792848419435gmail-m-2768253029671462617s12\">Casares reacciona as\u00ed tras conocer el informe publicado ayer por el Tribunal de Cuentas que demuestra que no se realizaron en el Ayuntamiento actuaciones de control financiero en los ejercicios 2014 y 2015, previstas en la Ley reguladora de Haciendas Locales.<\/p>\n<p class=\"m_-5351075048885405887m_1974964130135054916gmail-m_-7814192792848419435gmail-m-2768253029671462617s12\">\u201cNo solo no se realizaron las actuaciones que exige la ley sino que adem\u00e1s remitieron la informaci\u00f3n requerida fuera de plazo, que demuestra a\u00fan m\u00e1s si cabe el grado de irresponsabilidad con el que gobiernan Santander\u201d enfatiza.<\/p>\n<p class=\"m_-5351075048885405887m_1974964130135054916gmail-m_-7814192792848419435gmail-m-2768253029671462617s12\">En este sentido, el l\u00edder de los socialistas santanderinos considera \u201cuna verg\u00fcenza\u201d para Santander que \u201ccada poco cierto tiempo un organismo p\u00fablico nos saca los colores\u201d. \u201cLo hace ahora el Tribunal de Cuentas con la planificaci\u00f3n econ\u00f3mica del Ayuntamiento, pero antes lo ha hecho el Tribunal Econ\u00f3mico Administrativo con el catastrazo o el Tribunal Superior de Justicia de Cantabria con las plusval\u00edas\u201d critica.<\/p>\n<p class=\"m_-5351075048885405887m_1974964130135054916gmail-m_-7814192792848419435gmail-m-2768253029671462617s12\">Para el portavoz del PSOE, el informe del Tribunal de Cuentas evidencia \u201cla irresponsabilidad\u201d del equipo de gobierno del PP. En este sentido, el edil asegura que el informe del Tribunal de Cuentas \u201ces sobradamente claro\u201d poniendo de manifiesto que el Ayuntamiento \u201ctrampea sus propias cuentas\u201d y a su propia norma de gasto, los presupuestos, al no establecer criterio suficiente de control de eficacia y eficiencia sobre el cumplimiento los objetivos de gasto.<\/p>\n<p class=\"m_-5351075048885405887m_1974964130135054916gmail-m_-7814192792848419435gmail-m-2768253029671462617s12\"><strong>Herencia envenenada<\/strong><\/p>\n<p class=\"m_-5351075048885405887m_1974964130135054916gmail-m_-7814192792848419435gmail-m-2768253029671462617s12\">Por \u00faltimo, Pedro Casares recuerda que el ex alcalde de Santander \u201cha dejado una herencia envenenada\u201d a su sucesora \u201cpuesta a dedo\u201d para continuar con una nefasta gesti\u00f3n \u201cque evidencia una borrachera de gasto p\u00fablico en obras innecesarias, una gesti\u00f3n deficiente de la inversi\u00f3n p\u00fablica y desigualdad en el gasto social\u201d.<\/p>\n<p class=\"m_-5351075048885405887m_1974964130135054916gmail-m_-7814192792848419435gmail-m-2768253029671462617s12\">\u201cDe la Serna es como un fantasma que sobrevuela el Ayuntamiento, anunciando inversiones a futuro sin contar para ello con partidas presupuestarias para llevarlo a cabo al no haber Presupuestos Generales del Estado para 2018\u201d critica el edil.<\/p>\n<p class=\"m_-5351075048885405887m_1974964130135054916gmail-m_-7814192792848419435gmail-m-2768253029671462617s12\">A la vez que denuncia que \u201csu sombra\u201d tambi\u00e9n \u201caparece\u201d con noticias como la publicaci\u00f3n del informe del Tribunal de Cuentas que demuestra que fue un mal alcalde de Santander, m\u00e1s centrado en su promoci\u00f3n personal que en llevar a cabo una gesti\u00f3n eficiente y responsable del Ayuntamiento\u201d concluye.<\/p>\n","protected":false},"excerpt":{"rendered":"<p>El secretario general y portavoz municipal del PSOE en el Ayuntamiento de Santander, Pedro Casares, denuncia la mala gesti\u00f3n econ\u00f3mica del PP en el Ayuntamiento de Santander. Casares reacciona as\u00ed tras conocer el informe publicado ayer por el Tribunal de Cuentas que demuestra que no se realizaron en el Ayuntamiento actuaciones de control financiero en [&hellip;]<\/p>\n","protected":false},"author":2,"featured_media":1269,"comment_status":"open","ping_status":"open","sticky":false,"template":"","format":"standard","meta":{"tdm_status":"","tdm_grid_status":"","footnotes":""},"categories":[20,16],"tags":[],"class_list":["post-1268","post","type-post","status-publish","format-standard","has-post-thumbnail","hentry","category-santander","category-noticias-santander"],"_links":{"self":[{"href":"https:\/\/www.psc-psoe.es\/index.php\/wp-json\/wp\/v2\/posts\/1268","targetHints":{"allow":["GET"]}}],"collection":[{"href":"https:\/\/www.psc-psoe.es\/index.php\/wp-json\/wp\/v2\/posts"}],"about":[{"href":"https:\/\/www.psc-psoe.es\/index.php\/wp-json\/wp\/v2\/types\/post"}],"author":[{"embeddable":true,"href":"https:\/\/www.psc-psoe.es\/index.php\/wp-json\/wp\/v2\/users\/2"}],"replies":[{"embeddable":true,"href":"https:\/\/www.psc-psoe.es\/index.php\/wp-json\/wp\/v2\/comments?post=1268"}],"version-history":[{"count":0,"href":"https:\/\/www.psc-psoe.es\/index.php\/wp-json\/wp\/v2\/posts\/1268\/revisions"}],"wp:featuredmedia":[{"embeddable":true,"href":"https:\/\/www.psc-psoe.es\/index.php\/wp-json\/wp\/v2\/media\/1269"}],"wp:attachment":[{"href":"https:\/\/www.psc-psoe.es\/index.php\/wp-json\/wp\/v2\/media?parent=1268"}],"wp:term":[{"taxonomy":"category","embeddable":true,"href":"https:\/\/www.psc-psoe.es\/index.php\/wp-json\/wp\/v2\/categories?post=1268"},{"taxonomy":"post_tag","embeddable":true,"href":"https:\/\/www.psc-psoe.es\/index.php\/wp-json\/wp\/v2\/tags?post=1268"}],"curies":[{"name":"wp","href":"https:\/\/api.w.org\/{rel}","templated":true}]}}