{"id":12546,"date":"2026-09-05T12:26:36","date_gmt":"2026-09-05T11:26:36","guid":{"rendered":"https:\/\/www.psc-psoe.es\/?p=12546"},"modified":"2026-09-05T12:26:36","modified_gmt":"2026-09-05T11:26:36","slug":"el-psoe-denuncia-que-el-curso-escolar-comienza-con-recortes-despidiendo-a-profesores-y-cerrando-aulas","status":"publish","type":"post","link":"https:\/\/www.psc-psoe.es\/index.php\/2026\/09\/05\/el-psoe-denuncia-que-el-curso-escolar-comienza-con-recortes-despidiendo-a-profesores-y-cerrando-aulas\/","title":{"rendered":"El PSOE denuncia que el curso escolar comienza \u201ccon recortes, despidiendo a profesores y cerrando aulas\u201d"},"content":{"rendered":"<p style=\"font-weight: 400; text-align: justify;\">El PSOE de Cantabria ha apoyado hoy la manifestaci\u00f3n en defensa de la Educaci\u00f3n P\u00fablica convocada por la Plataforma por la Ense\u00f1anza P\u00fablica, que ha recorrido las calles de Santander desde el R\u00edo de la Pila hasta Correos, pasando por la sede del gobierno auton\u00f3mico.<\/p>\n<p style=\"font-weight: 400; text-align: justify;\">El secretario general del PSOE de Cantabria, Pedro Casares, ha mostrado la preocupaci\u00f3n de los socialistas c\u00e1ntabros en el inicio del curso escolar \u201cque empieza con recortes, despidiendo a profesores y cerrando aulas\u201d. \u201cEs la peor carta de presentaci\u00f3n del inicio de un curso escolar\u201d, ha dicho.<\/p>\n<p style=\"font-weight: 400; text-align: justify;\">As\u00ed lo ha expresado Casares, al inicio de la manifestaci\u00f3n por la Educaci\u00f3n P\u00fablica, en la que ha participado acompa\u00f1ado de los vicesecretarios generales, Susana Herr\u00e1n y Javier Incera, la portavoz del PSOE, Ainoa Qui\u00f1ones, la secretaria de Educaci\u00f3n, Ver\u00f3nica Samperio y el secretario general de Juventudes Socialistas, Fran Cano, entre otros.<\/p>\n<p style=\"font-weight: 400; text-align: justify;\">Para el l\u00edder de los socialistas c\u00e1ntabros, \u201cuna vez m\u00e1s el Partido Popular y el consejero Silva son sin\u00f3nimo de recortes y de atacar a la Educaci\u00f3n P\u00fablica de Cantabria\u201d.<\/p>\n<p style=\"font-weight: 400; text-align: justify;\">Casares se ha comprometido a trabajar con los docentes y la comunidad educativa \u201cen defensa de la Educaci\u00f3n P\u00fablica\u201d.<\/p>\n<p style=\"font-weight: 400; text-align: justify;\">\u201cEn Cantabria hace falta m\u00e1s di\u00e1logo, hace falta m\u00e1s escucha, hace falta menos soberbia. Nunca la soberbia fue la aliada para construir Educaci\u00f3n P\u00fablica en Cantabria\u201d, ha se\u00f1alado.<\/p>\n<p style=\"font-weight: 400; text-align: justify;\">En este sentido, el l\u00edder del PSOE c\u00e1ntabro ha se\u00f1alado que \u201cvamos a ser un aliado de la comunidad educativa frente a los anuncios del PP\u201d, en referencia a los cierres de aulas de dos y tres a\u00f1os y despedir a profesores\u201d.<\/p>\n<p style=\"font-weight: 400; text-align: justify;\">Finalmente, Pedro Casares ha afirmado que \u201ccuando surge una plataforma es porque hay un problema y por tanto lo que tiene que hacer el Gobierno de Cantabria en vez de confrontar es sentarse a hablar, dialogar y negociar\u201d.<\/p>\n","protected":false},"excerpt":{"rendered":"<p>El PSOE de Cantabria ha apoyado hoy la manifestaci\u00f3n en defensa de la Educaci\u00f3n P\u00fablica convocada por la Plataforma por la Ense\u00f1anza P\u00fablica, que ha recorrido las calles de Santander desde el R\u00edo de la Pila hasta Correos, pasando por la sede del gobierno auton\u00f3mico. El secretario general del PSOE de Cantabria, Pedro Casares, ha [&hellip;]<\/p>\n","protected":false},"author":2,"featured_media":12547,"comment_status":"open","ping_status":"closed","sticky":false,"template":"","format":"standard","meta":{"tdm_status":"","tdm_grid_status":"","footnotes":""},"categories":[14,24,420,25],"tags":[],"class_list":["post-12546","post","type-post","status-publish","format-standard","has-post-thumbnail","hentry","category-notas-de-prensa","category-partido","category-pedro-casares","category-actualidad"],"_links":{"self":[{"href":"https:\/\/www.psc-psoe.es\/index.php\/wp-json\/wp\/v2\/posts\/12546","targetHints":{"allow":["GET"]}}],"collection":[{"href":"https:\/\/www.psc-psoe.es\/index.php\/wp-json\/wp\/v2\/posts"}],"about":[{"href":"https:\/\/www.psc-psoe.es\/index.php\/wp-json\/wp\/v2\/types\/post"}],"author":[{"embeddable":true,"href":"https:\/\/www.psc-psoe.es\/index.php\/wp-json\/wp\/v2\/users\/2"}],"replies":[{"embeddable":true,"href":"https:\/\/www.psc-psoe.es\/index.php\/wp-json\/wp\/v2\/comments?post=12546"}],"version-history":[{"count":1,"href":"https:\/\/www.psc-psoe.es\/index.php\/wp-json\/wp\/v2\/posts\/12546\/revisions"}],"predecessor-version":[{"id":12548,"href":"https:\/\/www.psc-psoe.es\/index.php\/wp-json\/wp\/v2\/posts\/12546\/revisions\/12548"}],"wp:featuredmedia":[{"embeddable":true,"href":"https:\/\/www.psc-psoe.es\/index.php\/wp-json\/wp\/v2\/media\/12547"}],"wp:attachment":[{"href":"https:\/\/www.psc-psoe.es\/index.php\/wp-json\/wp\/v2\/media?parent=12546"}],"wp:term":[{"taxonomy":"category","embeddable":true,"href":"https:\/\/www.psc-psoe.es\/index.php\/wp-json\/wp\/v2\/categories?post=12546"},{"taxonomy":"post_tag","embeddable":true,"href":"https:\/\/www.psc-psoe.es\/index.php\/wp-json\/wp\/v2\/tags?post=12546"}],"curies":[{"name":"wp","href":"https:\/\/api.w.org\/{rel}","templated":true}]}}