{"id":12543,"date":"2026-09-04T13:33:11","date_gmt":"2026-09-04T12:33:11","guid":{"rendered":"https:\/\/www.psc-psoe.es\/?p=12543"},"modified":"2026-09-04T13:33:11","modified_gmt":"2026-09-04T12:33:11","slug":"pedro-casares-advierte-que-la-sanidad-publica-de-cantabria-esta-en-riesgo-evidente-de-colapso-por-la-falta-de-gestion-y-las-privatizaciones-del-pp","status":"publish","type":"post","link":"https:\/\/www.psc-psoe.es\/index.php\/2026\/09\/04\/pedro-casares-advierte-que-la-sanidad-publica-de-cantabria-esta-en-riesgo-evidente-de-colapso-por-la-falta-de-gestion-y-las-privatizaciones-del-pp\/","title":{"rendered":"Pedro Casares advierte que la sanidad p\u00fablica de Cantabria est\u00e1 en \u201criesgo evidente de colapso\u201d por la \u201cfalta de gesti\u00f3n\u201d y las \u201cprivatizaciones\u201d del PP"},"content":{"rendered":"<p style=\"font-weight: 400; text-align: justify;\">El secretario general del PSOE de Cantabria, Pedro Casares, ha advertido que la sanidad p\u00fablica regional est\u00e1 \u201cante un riesgo evidente de colapso\u201d debido a la \u201cfalta de gesti\u00f3n\u201d del Gobierno del PP de Mar\u00eda Jos\u00e9 S\u00e1enz de Buruaga durante estos tres a\u00f1os de legislatura, as\u00ed como a sus \u201cpol\u00edticas privatizadoras y de recortes\u201d.<\/p>\n<p style=\"font-weight: 400; text-align: justify;\">As\u00ed lo ha se\u00f1alado este viernes el l\u00edder socialista junto al secretario de Sanidad de la Comisi\u00f3n Ejecutiva Federal del PSOE y portavoz de Sanidad en el Senado, Killian S\u00e1nchez, que ha mantenido un encuentro con los responsables de salud del partido a nivel auton\u00f3mico para analizar la situaci\u00f3n en la comunidad tras tres a\u00f1os de Gobierno del PP.<\/p>\n<p style=\"font-weight: 400; text-align: justify;\">\u201cEstamos ante un riesgo evidente de colapso de la sanidad p\u00fablica y no por falta de medios\u201d, ha resumido Casares, que ha ensalzado que \u201cnunca antes el Gobierno de Espa\u00f1a hab\u00eda dedicado tanto dinero a Cantabria\u201d.<\/p>\n<p style=\"font-weight: 400; text-align: justify;\">A pesar de ello, ha criticado que \u201cel PP es el rey de las privatizaciones y de los recortes\u201d, y ha lamentado que el Gobierno de Buruaga \u201cest\u00e1 m\u00e1s interesado en hacer negocio con la salud de los c\u00e1ntabros que en gestionar la sanidad\u201d, lo que deriva en que las listas de espera superen las 16.000 personas.<\/p>\n<p style=\"font-weight: 400; text-align: justify;\">En este punto, Casares ha cuestionado \u201cqu\u00e9 ha hecho el PP en esta legislatura\u201d, pues \u201ctres a\u00f1os mediante y con m\u00e1s dinero que nunca, tenemos m\u00e1s lista de espera en Cantabria\u201d que cuando el PSOE dej\u00f3 el Gobierno regional.<\/p>\n<p style=\"font-weight: 400; text-align: justify;\">As\u00ed, ha lamentado que \u00e9sta ha sido una \u201clegislatura perdida\u201d para responder a la que es \u201cuna de las grandes preocupaciones que tienen hoy los c\u00e1ntabros\u201d, a pesar del plan de choque del Ejecutivo y dotado con 65 millones de euros.<\/p>\n<p style=\"font-weight: 400; text-align: justify;\">Casares ha sumado al negativo balance de la legislatura en materia sanitaria la situaci\u00f3n de los consultorios rurales durante este verano, con 80 cerrados o sin m\u00e9dico. \u201cAlgo que no hab\u00eda pasado nunca en Cantabria\u201d, ha a\u00f1adido, recordando las cr\u00edticas de los \u2018populares\u2019 cuando el PSOE gestionaba la sanidad, pese a que el m\u00e1ximo de centros sin atenci\u00f3n fue de 17.<\/p>\n<p style=\"font-weight: 400; text-align: justify;\">Ante esta situaci\u00f3n, el secretario general del PSOE ha anunciado que el partido iniciar\u00e1 una ronda de reuniones con todos los profesionales sanitarios para elaborar un pacto social y pol\u00edtico por la sanidad de Cantabria, enfocado en reforzar el sistema p\u00fablico, reducir las listas de espera, internalizar el transporte sanitario o reforzar los hospitales comarcales.<\/p>\n<p style=\"font-weight: 400; text-align: justify;\">Y es que Casares ha enfatizado que es hora de \u201crevertir\u201d la gesti\u00f3n del PP y de hacer propuestas e impulsar pol\u00edticas con las que todos los profesionales \u201cse sientan c\u00f3modos en Cantabria\u201d.<\/p>\n<p style=\"font-weight: 400; text-align: justify;\">As\u00ed, los socialistas plantear\u00e1n el refuerzo del sistema destinando \u201cel dinero p\u00fablico a la salud p\u00fablica y no a contratos privados\u201d como los 256 millones para el hospital Santa Clotilde, un programa espec\u00edfico para reducir las listas de espera o la internalizaci\u00f3n del transporte sanitario para acabar con el \u201ccaos\u201d actual.<\/p>\n<p style=\"font-weight: 400; text-align: justify;\">Tambi\u00e9n quieren impulsar el refuerzo del Hospital Valdecilla y de los tres hospitales comarcales de Sierrallana, Laredo y Tres Mares que, ha reivindicado Casares, los socialistas \u201creforzamos cuando estuvimos en el Gobierno pero que hoy ven deterioros, recortes y falta de profesionales\u201d.<\/p>\n<p style=\"font-weight: 400; text-align: justify;\"><strong>Pol\u00edticas regresivas de la derecha en Sanidad<\/strong><\/p>\n<p style=\"font-weight: 400; text-align: justify;\">Por su parte, S\u00e1nchez ha criticado las \u201cpol\u00edticas regresivas\u201d en materia sanitaria que est\u00e1n sufriendo \u201clos territorios donde gobierna la derecha y la ultraderecha\u201d, pese a que el Gobierno de Espa\u00f1a \u201cha destinado m\u00e1s de 3.000 millones m\u00e1s que en la etapa de Rajoy\u201d.<\/p>\n<p style=\"font-weight: 400; text-align: justify;\">El secretario de Sanidad del PSOE ha explicado que, aunque el Ministerio ha incrementado las plazas MIR -m\u00e1s de un 40% desde el 2018-, hay comunidades que no despliegan sus competencias para formar a profesionales y generar talento. Y, ha dicho, ese es el caso de Cantabria, que en la \u00faltima convocatoria \u201cdejaba al margen la especialidad de m\u00e9dicos de familia cuando era una de sus reivindicaciones principales\u201d.<\/p>\n<p style=\"font-weight: 400; text-align: justify;\">\u201cNo han sido capaces por una falta de gesti\u00f3n de poder aportar talento a esta tierra\u201d, ha denunciado, al tiempo que ha tildado de \u201cimpensable\u201d que las listas de espera hayan aumentado en Cantabria \u201cun 15%\u201d pese a tener mayor presupuesto.<\/p>\n<p style=\"font-weight: 400; text-align: justify;\">Todo esto, a su juicio, forma parte de la \u201cestrategia del PP por desgastar y asfixiar a la sanidad p\u00fablica en beneficio de la privada\u201d. \u201cNo es de recibo que con m\u00e1s fondos los servicios regionales de salud vivan esta merma asistencial\u201d, ha sentenciado el socialista, que ha concluido haciendo un llamamiento a \u201cla raz\u00f3n, la gesti\u00f3n y a recuperar la senda de la coherencia y del trabajo\u201d.<\/p>\n<p style=\"font-weight: 400; text-align: justify;\">\n","protected":false},"excerpt":{"rendered":"<p>El l\u00edder socialista ha anunciado una ronda de reuniones con todos los profesionales sanitarios para elaborar un pacto social y pol\u00edtico por la sanidad p\u00fablica c\u00e1ntabra<\/p>\n","protected":false},"author":2,"featured_media":12544,"comment_status":"open","ping_status":"closed","sticky":false,"template":"","format":"standard","meta":{"tdm_status":"","tdm_grid_status":"","footnotes":""},"categories":[14,24,420,25],"tags":[],"class_list":["post-12543","post","type-post","status-publish","format-standard","has-post-thumbnail","hentry","category-notas-de-prensa","category-partido","category-pedro-casares","category-actualidad"],"_links":{"self":[{"href":"https:\/\/www.psc-psoe.es\/index.php\/wp-json\/wp\/v2\/posts\/12543","targetHints":{"allow":["GET"]}}],"collection":[{"href":"https:\/\/www.psc-psoe.es\/index.php\/wp-json\/wp\/v2\/posts"}],"about":[{"href":"https:\/\/www.psc-psoe.es\/index.php\/wp-json\/wp\/v2\/types\/post"}],"author":[{"embeddable":true,"href":"https:\/\/www.psc-psoe.es\/index.php\/wp-json\/wp\/v2\/users\/2"}],"replies":[{"embeddable":true,"href":"https:\/\/www.psc-psoe.es\/index.php\/wp-json\/wp\/v2\/comments?post=12543"}],"version-history":[{"count":1,"href":"https:\/\/www.psc-psoe.es\/index.php\/wp-json\/wp\/v2\/posts\/12543\/revisions"}],"predecessor-version":[{"id":12545,"href":"https:\/\/www.psc-psoe.es\/index.php\/wp-json\/wp\/v2\/posts\/12543\/revisions\/12545"}],"wp:featuredmedia":[{"embeddable":true,"href":"https:\/\/www.psc-psoe.es\/index.php\/wp-json\/wp\/v2\/media\/12544"}],"wp:attachment":[{"href":"https:\/\/www.psc-psoe.es\/index.php\/wp-json\/wp\/v2\/media?parent=12543"}],"wp:term":[{"taxonomy":"category","embeddable":true,"href":"https:\/\/www.psc-psoe.es\/index.php\/wp-json\/wp\/v2\/categories?post=12543"},{"taxonomy":"post_tag","embeddable":true,"href":"https:\/\/www.psc-psoe.es\/index.php\/wp-json\/wp\/v2\/tags?post=12543"}],"curies":[{"name":"wp","href":"https:\/\/api.w.org\/{rel}","templated":true}]}}