{"id":12539,"date":"2026-09-03T10:32:28","date_gmt":"2026-09-03T09:32:28","guid":{"rendered":"https:\/\/www.psc-psoe.es\/?p=12539"},"modified":"2026-09-03T10:32:28","modified_gmt":"2026-09-03T09:32:28","slug":"el-psoe-advierte-que-cantabria-inicia-el-curso-politico-en-jaque-por-el-retroceso-y-recorte-de-los-servicios-publicos","status":"publish","type":"post","link":"https:\/\/www.psc-psoe.es\/index.php\/2026\/09\/03\/el-psoe-advierte-que-cantabria-inicia-el-curso-politico-en-jaque-por-el-retroceso-y-recorte-de-los-servicios-publicos\/","title":{"rendered":"El PSOE advierte que Cantabria inicia el curso pol\u00edtico \u201cen jaque\u201d por el retroceso y recorte de los servicios p\u00fablicos"},"content":{"rendered":"<p style=\"font-weight: 400; text-align: justify;\">El PSOE ha advertido que Cantabria inicia el nuevo curso pol\u00edtico \u201cen jaque\u201d por el deterioro de los servicios p\u00fablicos tras tres a\u00f1os de Gobierno de Mar\u00eda Jos\u00e9 S\u00e1enz de Buruaga marcados por los recortes, con problemas crecientes en sanidad, educaci\u00f3n, o dependencia y \u201csin atisbo de ninguna soluci\u00f3n ni propuesta a la altura de las necesidades de la ciudadan\u00eda\u201d.<\/p>\n<p style=\"font-weight: 400; text-align: justify;\">As\u00ed lo ha dicho este jueves en rueda de prensa la portavoz de la Comisi\u00f3n Ejecutiva Auton\u00f3mica, Ainoa Qui\u00f1ones, que ha comenzado su intervenci\u00f3n condenando los ataques hom\u00f3fobos sufridos el pasado fin de semana en Astillero y trasladando un\u00a0\u00a0 mensaje de solidaridad con Ceuta y la poblaci\u00f3n ceut\u00ed tras los actos de confrontaci\u00f3n vividos en las concentraciones de ayer.<\/p>\n<p style=\"font-weight: 400; text-align: justify;\">Para Qui\u00f1ones, lo ocurrido este mi\u00e9rcoles frente a la Delegaci\u00f3n del Gobierno es \u201cuna verg\u00fcenza\u201d y \u201cdebe ser censurado por todos aquellos que han salido a las calles\u201d. \u201cUna cosa es apoyar a Ceuta y otra muy distinta quebrar la convivencia y cuestionar el derecho de los dem\u00e1s a expresarse\u201d, ha advertido tras recalcar que \u201ctodos los c\u00e1ntabros apoyamos al pueblo ceut\u00ed y creemos que hay que buscar soluciones ante la situaci\u00f3n que est\u00e1n sufriendo\u201d.<\/p>\n<p style=\"font-weight: 400; text-align: justify;\">Tras este mensaje, la portavoz ha hecho balance de la situaci\u00f3n de la comunidad tras tres a\u00f1os del Gobierno de PP que, en su opini\u00f3n, ha dejado a Cantabria \u201cen jaque\u201d, con retrocesos en los servicios p\u00fablicos y falta de inversi\u00f3n regional en vivienda p\u00fablica, derivada de una \u201cemergencia habitacional que no ha tenido una respuesta suficiente\u201d.<\/p>\n<p style=\"font-weight: 400; text-align: justify;\">\u201cEl PP prometi\u00f3 mejorar Cantabria y hoy los c\u00e1ntabros tienen m\u00e1s motivos para preocuparse por sus servicios p\u00fablicos\u201d, ha resumido Qui\u00f1ones.<\/p>\n<p style=\"font-weight: 400; text-align: justify;\">En el caso de la sanidad, ha dicho que est\u00e1 \u201cen jaque mate\u201d despu\u00e9s de que, \u201cun verano m\u00e1s\u201d, numerosos vecinos de los pueblos de Cantabria se hayan quedado sin asistencia m\u00e9dica en sus consultorios y centros de salud.<\/p>\n<p style=\"font-weight: 400; text-align: justify;\">En este punto, ha criticado que el Gobierno de Buruaga haya inaugurado durante este periodo obras de rehabilitaci\u00f3n en centros como\u00a0Jos\u00e9 Barros, en Camargo, y Cazo\u00f1a y La Maruca, en Santander, para que parezca que \u201chacen algo por la sanidad p\u00fablica\u201d cuando est\u00e1n financiadas por el Gobierno de Espa\u00f1a.<\/p>\n<p style=\"font-weight: 400; text-align: justify;\"><strong>Menos docentes y aulas y menos recursos en dependencia<\/strong><\/p>\n<p style=\"font-weight: 400; text-align: justify;\">Igualmente, en educaci\u00f3n el PSOE ha denunciado que\u00a0el pr\u00f3ximo curso comenzar\u00e1 con 176 profesores y 52 aulas menos, lo que supone \u201cel mayor golpe al sistema educativo de nuestra historia\u201d.<\/p>\n<p style=\"font-weight: 400; text-align: justify;\">Los socialistas han rechazado que el Ejecutivo justifique estas reducciones \u00fanicamente por el descenso demogr\u00e1fico, y han cuestionado por qu\u00e9 si hay menos alumnos se reducen recursos solo de la escuela p\u00fablica mientras la red concertada permanece \u201cpr\u00e1cticamente intacta\u201d.<\/p>\n<p style=\"font-weight: 400; text-align: justify;\">Por otro lado, han alertado tambi\u00e9n del deterioro de las pol\u00edticas de dependencia, que ha provocado que familias hayan tenido que \u201cafrontar tiempos de espera excesivos y ver c\u00f3mo no se atend\u00eda a sus mayores\u201d.<\/p>\n<p style=\"font-weight: 400; text-align: justify;\"><strong>\u201cSolo se han construido 50 viviendas en tres a\u00f1os\u201d<\/strong><\/p>\n<p style=\"font-weight: 400; text-align: justify;\">Qui\u00f1ones ha valorado asimismo la situaci\u00f3n de la vivienda, uno de los problemas que m\u00e1s afectan a los c\u00e1ntabros\u201d. La socialista ha denunciado que, mientras el Ejecutivo auton\u00f3mico asegura que esta es\u00a0\u201cla legislatura de la vivienda\u201d, en tres a\u00f1os\u00a0solo se han construido 50, mientras las familias tienen cada vez m\u00e1s dificultades en el acceso.<\/p>\n<p style=\"font-weight: 400; text-align: justify;\">Para el PSOE, \u201cla vivienda no puede ser una sucesi\u00f3n de anuncios\u201d y Cantabria necesita aumentar el parque p\u00fablico, reforzar las ayudas al alquiler, proteger a las familias vulnerables, impulsar la mediaci\u00f3n ante los desahucios y poner suelo a disposici\u00f3n de vivienda asequible.<\/p>\n<p style=\"font-weight: 400; text-align: justify;\">Adem\u00e1s, ha criticado la estrategia del PP de \u201cabrir la puerta\u201d a grandes tenedores, fondos de inversi\u00f3n e inversores para promover segundas residencias en las zonas rurales, mientras \u201cno son capaces de garantizar una vivienda digna a los c\u00e1ntabros\u201d.<\/p>\n<p style=\"font-weight: 400; text-align: justify;\">Qui\u00f1ones ha se\u00f1alado que el balance de tres a\u00f1os de Gobierno del PP se resume en que \u201cen Cantabria, todo cuesta m\u00e1s, se espera m\u00e1s y se recibe menos\u201d. \u201cMenos capacidad de respuesta de lo p\u00fablico, m\u00e1s externalizaciones y privatizaciones, m\u00e1s problemas sin resolver y una pol\u00edtica fiscal que reduce ingresos mientras las necesidades aumentan\u201d.<\/p>\n<p style=\"font-weight: 400; text-align: justify;\">Frente a este modelo, los socialistas han reivindicado \u201cuna Cantabria donde nadie tenga que esperar meses para una operaci\u00f3n; donde haya pediatras y profesionales suficientes; donde vivir en un municipio peque\u00f1o no signifique tener menos servicios; donde nuestros colegios p\u00fablicos tengan los recursos que necesitan; donde una persona dependiente reciba la ayuda cuando la necesita; donde nuestros j\u00f3venes puedan emanciparse; y donde una familia no tenga que elegir entre pagar el alquiler o llenar la nevera\u201d.<\/p>\n<p style=\"font-weight: 400; text-align: justify;\">Por \u00faltimo, Ainoa Qui\u00f1ones ha afirmado que el PSOE trabajar\u00e1 para que Cantabria \u201cvuelva a estar en manos de sus ciudadanos a partir de mayo de 2027\u201d y para construir una alternativa que \u201cponga los recursos donde est\u00e1n las necesidades y no donde est\u00e1n los intereses privados\u201d.<\/p>\n","protected":false},"excerpt":{"rendered":"<p>El PSOE ha advertido que Cantabria inicia el nuevo curso pol\u00edtico \u201cen jaque\u201d por el deterioro de los servicios p\u00fablicos tras tres a\u00f1os de Gobierno de Mar\u00eda Jos\u00e9 S\u00e1enz de Buruaga marcados por los recortes, con problemas crecientes en sanidad, educaci\u00f3n, o dependencia y \u201csin atisbo de ninguna soluci\u00f3n ni propuesta a la altura de [&hellip;]<\/p>\n","protected":false},"author":2,"featured_media":12540,"comment_status":"open","ping_status":"closed","sticky":false,"template":"","format":"standard","meta":{"tdm_status":"","tdm_grid_status":"","footnotes":""},"categories":[14,24,25],"tags":[],"class_list":["post-12539","post","type-post","status-publish","format-standard","has-post-thumbnail","hentry","category-notas-de-prensa","category-partido","category-actualidad"],"_links":{"self":[{"href":"https:\/\/www.psc-psoe.es\/index.php\/wp-json\/wp\/v2\/posts\/12539","targetHints":{"allow":["GET"]}}],"collection":[{"href":"https:\/\/www.psc-psoe.es\/index.php\/wp-json\/wp\/v2\/posts"}],"about":[{"href":"https:\/\/www.psc-psoe.es\/index.php\/wp-json\/wp\/v2\/types\/post"}],"author":[{"embeddable":true,"href":"https:\/\/www.psc-psoe.es\/index.php\/wp-json\/wp\/v2\/users\/2"}],"replies":[{"embeddable":true,"href":"https:\/\/www.psc-psoe.es\/index.php\/wp-json\/wp\/v2\/comments?post=12539"}],"version-history":[{"count":1,"href":"https:\/\/www.psc-psoe.es\/index.php\/wp-json\/wp\/v2\/posts\/12539\/revisions"}],"predecessor-version":[{"id":12541,"href":"https:\/\/www.psc-psoe.es\/index.php\/wp-json\/wp\/v2\/posts\/12539\/revisions\/12541"}],"wp:featuredmedia":[{"embeddable":true,"href":"https:\/\/www.psc-psoe.es\/index.php\/wp-json\/wp\/v2\/media\/12540"}],"wp:attachment":[{"href":"https:\/\/www.psc-psoe.es\/index.php\/wp-json\/wp\/v2\/media?parent=12539"}],"wp:term":[{"taxonomy":"category","embeddable":true,"href":"https:\/\/www.psc-psoe.es\/index.php\/wp-json\/wp\/v2\/categories?post=12539"},{"taxonomy":"post_tag","embeddable":true,"href":"https:\/\/www.psc-psoe.es\/index.php\/wp-json\/wp\/v2\/tags?post=12539"}],"curies":[{"name":"wp","href":"https:\/\/api.w.org\/{rel}","templated":true}]}}