{"id":12537,"date":"2026-09-02T16:34:56","date_gmt":"2026-09-02T15:34:56","guid":{"rendered":"https:\/\/www.psc-psoe.es\/?p=12537"},"modified":"2026-09-02T16:50:14","modified_gmt":"2026-09-02T15:50:14","slug":"el-psoe-afirma-que-cantabria-hoy-tiene-mas-afiliados-que-nunca-a-la-seguridad-social-gracias-al-gobierno-de-pedro-sanchez","status":"publish","type":"post","link":"https:\/\/www.psc-psoe.es\/index.php\/2026\/09\/02\/el-psoe-afirma-que-cantabria-hoy-tiene-mas-afiliados-que-nunca-a-la-seguridad-social-gracias-al-gobierno-de-pedro-sanchez\/","title":{"rendered":"El PSOE afirma que \u201cCantabria hoy tiene m\u00e1s afiliados que nunca a la Seguridad Social gracias al Gobierno de Pedro S\u00e1nchez\u201d"},"content":{"rendered":"<p style=\"font-weight: 400; text-align: justify;\">El PSOE de Cantabria ha afirmado que \u201cCantabria hoy tiene m\u00e1s afiliados que nunca a la Seguridad Social gracias al Gobierno de Pedro S\u00e1nchez\u201d.<\/p>\n<p style=\"font-weight: 400; text-align: justify;\">As\u00ed lo ha expresado la portavoz de la Comisi\u00f3n Ejecutiva Auton\u00f3mica, Ainoa Qui\u00f1ones, que ha celebrado que \u201cen septiembre de 2026 tengamos el mejor dato de afiliaci\u00f3n media en Cantabria de la serie hist\u00f3rica gracias a las pol\u00edticas econ\u00f3micas del Gobierno de Espa\u00f1a como la reforma laboral que hacen que desde 2023 haya 13.108 personas trabajando m\u00e1s en nuestra tierra\u201d.<\/p>\n<p style=\"font-weight: 400; text-align: justify;\">Qui\u00f1ones ha recordado que \u201ctodas las pol\u00edticas del Gobierno de Pedro S\u00e1nchez hacen posible que en Cantabria haya m\u00e1s personas que en toda la historia trabajando\u201d.<\/p>\n<p style=\"font-weight: 400; text-align: justify;\">Por otra parte, la portavoz de los socialistas c\u00e1ntabros ha afirmado que el Gobierno del Partido Popular \u201cque hoy se felicita por los datos es el mismo que vot\u00f3 en contra de pol\u00edticas como la reforma laboral, la subida del salario m\u00ednimo o la revalorizaci\u00f3n de las pensiones\u201d.<\/p>\n<p style=\"font-weight: 400; text-align: justify;\">\u201cEs lo de siempre, no han hecho nada por cambiar y transformar el modelo productivo de Espa\u00f1a y Cantabria, votaron en contra de leyes como la reforma laboral pero hoy quieren apropiarse, como hacen con los fondos europeos, de pol\u00edticas que hemos logrado pese a ellos y a pesar de ellos y sus votos en contra\u201d, ha subrayado la portavoz.<\/p>\n<p style=\"font-weight: 400; text-align: justify;\">Por otra parte, Qui\u00f1ones ha destacado tambi\u00e9n que el dato de desempleo es el mejor dato en un mes de agosto desde los \u00faltimos 18 a\u00f1os, con 26.994 desempleados, lo que supone 162 parados menos que hace un a\u00f1o.<\/p>\n<p style=\"font-weight: 400; text-align: justify;\">\u201cVemos como gracias a esa pol\u00edtica activa de empleo, de transformaci\u00f3n econ\u00f3mica y de modernizaci\u00f3n productiva, hoy en Cantabria hay 3.000 desempleados menos que en 2023, lo que supone un 10% de descenso\u201d, ha recalcado.<\/p>\n<p style=\"font-weight: 400; text-align: justify;\">Por \u00faltimo, Ainoa Qui\u00f1ones ha emplazado al PP de Cantabria a \u201cpasar de palabras a hechos, de anuncios a proyectos y acompa\u00f1ar las tendencias econ\u00f3micas y de empleo que marcan las pol\u00edticas del Gobierno de Espa\u00f1a\u201d.<\/p>\n<p style=\"font-weight: 400; text-align: justify;\">\u201cPor mucho que quieran confundir, los datos de empleo no son \u00e9xito suyo y por mucho que saquen pecho, las competencias en la materia son del Gobierno de Espa\u00f1a, no como ocurre en otras materias como vivienda, donde la competencia es auton\u00f3mica, y viven el sue\u00f1o de los justos\u201d, ha concluido Qui\u00f1ones.<\/p>\n<p style=\"font-weight: 400; text-align: justify;\">\n","protected":false},"excerpt":{"rendered":"<p>Ainoa Qui\u00f1ones ha celebrado que \u201cen septiembre de 2026 tengamos el mejor dato de afiliaci\u00f3n media en Cantabria de la serie hist\u00f3rica gracias a las pol\u00edticas econ\u00f3micas del Gobierno de Espa\u00f1a como la reforma laboral que hacen que desde 2023 haya 13.108 personas trabajando m\u00e1s en nuestra tierra\u201d<\/p>\n","protected":false},"author":2,"featured_media":12243,"comment_status":"open","ping_status":"closed","sticky":false,"template":"","format":"standard","meta":{"tdm_status":"","tdm_grid_status":"","footnotes":""},"categories":[14,24,25],"tags":[],"class_list":["post-12537","post","type-post","status-publish","format-standard","has-post-thumbnail","hentry","category-notas-de-prensa","category-partido","category-actualidad"],"_links":{"self":[{"href":"https:\/\/www.psc-psoe.es\/index.php\/wp-json\/wp\/v2\/posts\/12537","targetHints":{"allow":["GET"]}}],"collection":[{"href":"https:\/\/www.psc-psoe.es\/index.php\/wp-json\/wp\/v2\/posts"}],"about":[{"href":"https:\/\/www.psc-psoe.es\/index.php\/wp-json\/wp\/v2\/types\/post"}],"author":[{"embeddable":true,"href":"https:\/\/www.psc-psoe.es\/index.php\/wp-json\/wp\/v2\/users\/2"}],"replies":[{"embeddable":true,"href":"https:\/\/www.psc-psoe.es\/index.php\/wp-json\/wp\/v2\/comments?post=12537"}],"version-history":[{"count":1,"href":"https:\/\/www.psc-psoe.es\/index.php\/wp-json\/wp\/v2\/posts\/12537\/revisions"}],"predecessor-version":[{"id":12538,"href":"https:\/\/www.psc-psoe.es\/index.php\/wp-json\/wp\/v2\/posts\/12537\/revisions\/12538"}],"wp:featuredmedia":[{"embeddable":true,"href":"https:\/\/www.psc-psoe.es\/index.php\/wp-json\/wp\/v2\/media\/12243"}],"wp:attachment":[{"href":"https:\/\/www.psc-psoe.es\/index.php\/wp-json\/wp\/v2\/media?parent=12537"}],"wp:term":[{"taxonomy":"category","embeddable":true,"href":"https:\/\/www.psc-psoe.es\/index.php\/wp-json\/wp\/v2\/categories?post=12537"},{"taxonomy":"post_tag","embeddable":true,"href":"https:\/\/www.psc-psoe.es\/index.php\/wp-json\/wp\/v2\/tags?post=12537"}],"curies":[{"name":"wp","href":"https:\/\/api.w.org\/{rel}","templated":true}]}}