{"id":12535,"date":"2026-09-02T16:15:01","date_gmt":"2026-09-02T15:15:01","guid":{"rendered":"https:\/\/www.psc-psoe.es\/?p=12535"},"modified":"2026-09-02T16:15:01","modified_gmt":"2026-09-02T15:15:01","slug":"el-psoe-teme-que-la-carretera-laredo-sena-tampoco-estara-en-septiembre-pese-a-acumular-siete-meses-de-retraso-y-duplicar-su-coste","status":"publish","type":"post","link":"https:\/\/www.psc-psoe.es\/index.php\/2026\/09\/02\/el-psoe-teme-que-la-carretera-laredo-sena-tampoco-estara-en-septiembre-pese-a-acumular-siete-meses-de-retraso-y-duplicar-su-coste\/","title":{"rendered":"El PSOE teme que la carretera Laredo-Se\u00f1a tampoco estar\u00e1 en septiembre pese a acumular \u201csiete meses de retraso y duplicar su coste\u201d"},"content":{"rendered":"<p style=\"font-weight: 400; text-align: justify;\">El Grupo Socialista ha criticado que las obras de la carretera CA-500 entre el Alto de Laredo y Se\u00f1a acumulan ya \u201csiete meses de retraso\u201d respecto al plazo dado por el Gobierno del PP, que teme que tampoco cumplir\u00e1 su reciente anuncio de finalizarlas este mes de septiembre.<\/p>\n<p style=\"font-weight: 400; text-align: justify;\">El portavoz parlamentario socialista, Mario Iglesias, ha celebrado el anuncio del Ejecutivo de que el proyecto encara ya su recta final, despu\u00e9s de meses \u201cretrasando sucesivamente sus previsiones\u201d y un coste que casi duplica ya el inicialmente previsto.<\/p>\n<p style=\"font-weight: 400; text-align: justify;\">Sin embargo, ha cuestionado que el Ejecutivo vuelva a fijar una fecha que \u201cparece dif\u00edcil de cumplir si uno se acerca y comprueba el estado de la obra\u201d.<\/p>\n<p style=\"font-weight: 400; text-align: justify;\">Por ello, ha pedido al consejero de Fomento, Roberto Media, que \u201cno presuma\u201d de una actuaci\u00f3n que viene generando \u201cuna pesadilla durante meses a los vecinos\u201d, afectados por accesos precarios a sus casas, desv\u00edos de las rutas escolares, pinchazos y reventones y el deterioro de sus veh\u00edculos por el estado del firme.<\/p>\n<p style=\"font-weight: 400; text-align: justify;\">\u201cNos alegrar\u00edamos si, por fin, los vecinos de Se\u00f1a ven el final de una obra que llevan demasiado tiempo esperando, pero todo hace presagiar lo contrario\u201d. Adem\u00e1s, \u201ctampoco podemos presentar como un \u00e9xito que una actuaci\u00f3n que deb\u00eda estar terminada en febrero llegue siete meses despu\u00e9s y con un presupuesto que se ha duplicado\u201d, ha advertido Iglesias.<\/p>\n<p style=\"font-weight: 400; text-align: justify;\">El portavoz ha denunciado la \u201cincertidumbre\u201d en la que est\u00e1n viviendo los afectados por culpa de un Gobierno que ha ido \u201cretrasando e incumpliendo sucesivamente sus previsiones\u201d.<\/p>\n<p style=\"font-weight: 400; text-align: justify;\">Como ha recordado, las obras comenzaron el 9 de agosto de 2024 con un plazo de ejecuci\u00f3n de 18 meses, por lo que deber\u00edan haber finalizado en febrero de 2026. En este tiempo, el Grupo Socialista ha llevado el asunto a Pleno en numerosas ocasiones para conocer el estado de las obras, que el consejero aseguraba que \u201cestar\u00edan en plazo\u201d.<\/p>\n<p style=\"font-weight: 400; text-align: justify;\">\u201cDurante meses hemos preguntado por esta carretera porque los vecinos ten\u00edan derecho a saber cu\u00e1ndo iba a estar terminada. Primero se dijo que estar\u00eda en plazo, despu\u00e9s que acabar\u00eda s\u00ed o s\u00ed el 30 de junio y ahora que ser\u00e1 en septiembre\u201d, ha cuestionado el socialista.<\/p>\n<p style=\"font-weight: 400; text-align: justify;\">De hecho, ha recordado que el a\u00f1o pasado Media lleg\u00f3 a asegurar que la obra se encontraba ejecutada en torno al 80%, mientras que posteriormente, en el mes de marzo, rebaj\u00f3 el grado de ejecuci\u00f3n al 63%.<\/p>\n<p style=\"font-weight: 400; text-align: justify;\">\u201cCuriosamente, con el tiempo la actuaci\u00f3n iba hacia atr\u00e1s\u201d, ha ironizado Iglesias, para quien \u201clos hechos han demostrado que nuestras dudas estaban justificadas\u201d porque, \u201cmientras el Gobierno da fechas y porcentajes, la realidad sobre el terreno dice otra cosa\u201d.<\/p>\n<p style=\"font-weight: 400; text-align: justify;\">Finalmente, el portavoz ha se\u00f1alado que el Ejecutivo debe explicar con detalle las causas del retraso, as\u00ed como las modificaciones o circunstancias que han provocado que el presupuesto inicial se haya disparado.<\/p>\n","protected":false},"excerpt":{"rendered":"<p>Mario Iglesias advierte que el estado de la obra hace pensar que el \u00faltimo plazo dado por el consejero es de nuevo \u201cdif\u00edcil de cumplir\u201d<\/p>\n","protected":false},"author":2,"featured_media":10647,"comment_status":"open","ping_status":"closed","sticky":false,"template":"","format":"standard","meta":{"tdm_status":"","tdm_grid_status":"","footnotes":""},"categories":[14,24,25],"tags":[],"class_list":["post-12535","post","type-post","status-publish","format-standard","has-post-thumbnail","hentry","category-notas-de-prensa","category-partido","category-actualidad"],"_links":{"self":[{"href":"https:\/\/www.psc-psoe.es\/index.php\/wp-json\/wp\/v2\/posts\/12535","targetHints":{"allow":["GET"]}}],"collection":[{"href":"https:\/\/www.psc-psoe.es\/index.php\/wp-json\/wp\/v2\/posts"}],"about":[{"href":"https:\/\/www.psc-psoe.es\/index.php\/wp-json\/wp\/v2\/types\/post"}],"author":[{"embeddable":true,"href":"https:\/\/www.psc-psoe.es\/index.php\/wp-json\/wp\/v2\/users\/2"}],"replies":[{"embeddable":true,"href":"https:\/\/www.psc-psoe.es\/index.php\/wp-json\/wp\/v2\/comments?post=12535"}],"version-history":[{"count":1,"href":"https:\/\/www.psc-psoe.es\/index.php\/wp-json\/wp\/v2\/posts\/12535\/revisions"}],"predecessor-version":[{"id":12536,"href":"https:\/\/www.psc-psoe.es\/index.php\/wp-json\/wp\/v2\/posts\/12535\/revisions\/12536"}],"wp:featuredmedia":[{"embeddable":true,"href":"https:\/\/www.psc-psoe.es\/index.php\/wp-json\/wp\/v2\/media\/10647"}],"wp:attachment":[{"href":"https:\/\/www.psc-psoe.es\/index.php\/wp-json\/wp\/v2\/media?parent=12535"}],"wp:term":[{"taxonomy":"category","embeddable":true,"href":"https:\/\/www.psc-psoe.es\/index.php\/wp-json\/wp\/v2\/categories?post=12535"},{"taxonomy":"post_tag","embeddable":true,"href":"https:\/\/www.psc-psoe.es\/index.php\/wp-json\/wp\/v2\/tags?post=12535"}],"curies":[{"name":"wp","href":"https:\/\/api.w.org\/{rel}","templated":true}]}}