{"id":12532,"date":"2026-09-02T16:13:38","date_gmt":"2026-09-02T15:13:38","guid":{"rendered":"https:\/\/www.psc-psoe.es\/?p=12532"},"modified":"2026-09-02T16:13:38","modified_gmt":"2026-09-02T15:13:38","slug":"daniel-fernandez-pide-a-gema-igual-que-deje-de-discutir-con-los-vecinos-sobre-su-diagnostico-y-empiece-a-solucionar-sus-problemas","status":"publish","type":"post","link":"https:\/\/www.psc-psoe.es\/index.php\/2026\/09\/02\/daniel-fernandez-pide-a-gema-igual-que-deje-de-discutir-con-los-vecinos-sobre-su-diagnostico-y-empiece-a-solucionar-sus-problemas\/","title":{"rendered":"Daniel Fern\u00e1ndez pide a Gema Igual que \u201cdeje de discutir con los vecinos sobre su diagn\u00f3stico y empiece a solucionar sus problemas\u201d"},"content":{"rendered":"<p style=\"text-align: justify;\">El secretario general del PSOE Santander, Daniel Fern\u00e1ndez, ha pedido a la alcaldesa, Gema Igual, que escuche la llamada de atenci\u00f3n realizada conjuntamente por cinco asociaciones vecinales de la ciudad y que \u201cdeje de discutir con los vecinos sobre el diagn\u00f3stico para empezar a solucionar los problemas que est\u00e1n denunciando\u201d.<\/p>\n<p style=\"text-align: justify;\">Daniel Fern\u00e1ndez ha reaccionado as\u00ed a las declaraciones de Igual despu\u00e9s de que las asociaciones de Cazo\u00f1a, Cueto, El Sardinero, Pombo-Ca\u00f1ad\u00edo-Ensanche y San Joaqu\u00edn hayan advertido p\u00fablicamente del deterioro que, a su juicio, est\u00e1 experimentando Santander.<\/p>\n<p style=\"text-align: justify;\">\u201cLa alcaldesa dice que no comparte su diagn\u00f3stico. Pero estamos hablando de asociaciones de barrios completamente diferentes que coinciden en se\u00f1alar problemas de limpieza, ruido, convivencia, espacio p\u00fablico o seguridad. Cuando cinco asociaciones diferentes te dicen que algo no funciona, quiz\u00e1 lo primero no sea explicarles que est\u00e1n equivocadas. Quiz\u00e1 sea escucharlas\u201d, ha afirmado.<\/p>\n<p style=\"text-align: justify;\">Para Daniel Fern\u00e1ndez, la discusi\u00f3n tampoco puede reducirse a determinar si Santander es una ciudad \u201cenferma\u201d o una ciudad \u201cviva\u201d, porque \u201clas palabras no limpian las calles, no hacen cumplir las ordenanzas ni solucionan los problemas de los barrios\u201d.<\/p>\n<p style=\"text-align: justify;\">\u201cSantander, por supuesto, es una ciudad viva. La pregunta es: \u00bfviva para qui\u00e9n? Porque puede estar muy viva para quien viene un fin de semana y ser cada vez m\u00e1s inc\u00f3moda para quien intenta vivir aqu\u00ed los 365 d\u00edas del a\u00f1o\u201d, ha se\u00f1alado.<\/p>\n<p style=\"text-align: justify;\">El dirigente socialista considera que detr\u00e1s de las denuncias vecinales existe una discusi\u00f3n mucho m\u00e1s profunda sobre el modelo de ciudad desarrollado durante d\u00e9cadas por los gobiernos del Partido Popular.<\/p>\n<p style=\"text-align: justify;\">\u201cSantander lleva a\u00f1os funcionando sin algunas de las herramientas b\u00e1sicas que deber\u00eda tener una ciudad que pretende planificar su futuro\u201d, ha advertido.<\/p>\n<p style=\"text-align: justify;\">Daniel Fern\u00e1ndez ha recordado que Santander contin\u00faa sin un nuevo Plan General de Ordenaci\u00f3n Urbana y sin un nuevo Plan de Movilidad Urbana Sostenible, mientras buena parte de los principales servicios municipales est\u00e1n externalizados y el Ayuntamiento cuenta con una plantilla insuficiente para ejercer adecuadamente las labores de inspecci\u00f3n y control.<\/p>\n<p style=\"text-align: justify;\">A ello ha sumado la falta de efectivos de la Polic\u00eda Local, los retrasos acumulados en la aprobaci\u00f3n y actualizaci\u00f3n de ordenanzas municipales y una crisis de vivienda que est\u00e1 expulsando especialmente a j\u00f3venes y familias.<\/p>\n<p style=\"text-align: justify;\">\u201cNo tenemos PGOU, no tenemos un nuevo Plan de Movilidad, faltan polic\u00edas, faltan empleados municipales para controlar los servicios externalizados y hay ordenanzas que se anuncian una y otra vez y nunca llegan. Pero para grandes anuncios, eventos y proyectos destinados a atraer visitantes nunca falta planificaci\u00f3n\u201d, ha criticado.<\/p>\n<p style=\"text-align: justify;\">Para Daniel Fern\u00e1ndez, \u201cel problema no es el turismo ni que Santander reciba visitantes\u201d, sino \u201cconvertir el n\u00famero de visitantes en la medida del \u00e9xito de una ciudad\u201d.<\/p>\n<p style=\"text-align: justify;\">\u201cQueremos turismo, cultura, actividad econ\u00f3mica y una ciudad atractiva. Claro que s\u00ed. Pero todo eso tiene que estar al servicio de una ciudad mejor para vivir, no al rev\u00e9s\u201d, ha recalcado.<\/p>\n<p style=\"text-align: justify;\">Y ha resumido esta posici\u00f3n en una idea: \u201cSantander no es un decorado, ni un parque tem\u00e1tico, ni un gran contenedor cultural. En esta ciudad vivimos personas. Y parece que despu\u00e9s de tantos a\u00f1os gobernando, al Partido Popular se le est\u00e1 olvidando\u201d.<\/p>\n<p style=\"text-align: justify;\">El secretario general socialista tambi\u00e9n ha cuestionado la afirmaci\u00f3n de Igual de que existe un \u201ccontacto permanente\u201d con las asociaciones vecinales.<\/p>\n<p style=\"text-align: justify;\">\u201cSi el di\u00e1logo es tan permanente y funciona tan bien como asegura la alcaldesa, convendr\u00eda preguntarse por qu\u00e9 cinco asociaciones han considerado necesario unirse para lanzar p\u00fablicamente esta llamada de auxilio\u201d, ha se\u00f1alado.<\/p>\n<p style=\"text-align: justify;\">Daniel Fern\u00e1ndez considera que el comunicado deber\u00eda servir como una oportunidad para abrir una reflexi\u00f3n sobre el futuro de Santander.<\/p>\n<p style=\"text-align: justify;\">\u201cNo basta con gestionar cada problema cuando explota. Hay que decidir qu\u00e9 ciudad queremos dentro de diez o veinte a\u00f1os: d\u00f3nde va a vivir la gente, c\u00f3mo se va a mover, c\u00f3mo recuperamos espacio p\u00fablico, c\u00f3mo protegemos nuestros barrios, c\u00f3mo garantizamos servicios p\u00fablicos de calidad y c\u00f3mo hacemos compatible el turismo con la vida cotidiana\u201d.<\/p>\n<p style=\"text-align: justify;\">Tambi\u00e9n se ha referido al nuevo contrato de limpieza, despu\u00e9s de que Igual haya se\u00f1alado junio de 2027 como horizonte para que Santander se encuentre \u201cen perfecto estado de limpieza\u201d.<\/p>\n<p style=\"text-align: justify;\">\u201cLos santanderinos llevan demasiado tiempo pagando un servicio de limpieza que no ha estado a la altura. No podemos acostumbrarnos ahora a escuchar que hay que esperar hasta junio de 2027 para tener limpia una ciudad que pagamos por limpiar todos los d\u00edas\u201d, ha se\u00f1alado.<\/p>\n<p style=\"text-align: justify;\">Finalmente, Daniel Fern\u00e1ndez ha defendido que la respuesta del Ayuntamiento ante las cr\u00edticas vecinales debe ser \u201cmenos autocomplacencia y m\u00e1s escucha\u201d. \u201cQuerer Santander no consiste en decir permanentemente que todo va bien. Tambi\u00e9n consiste en reconocer lo que no funciona y cambiarlo\u201d.<\/p>\n<p style=\"text-align: justify;\">\u201cA una ciudad no se la mide solamente por cu\u00e1nta gente consigue atraer. Se la mide, sobre todo, por cu\u00e1nta gente puede quedarse, vivir dignamente y construir aqu\u00ed su proyecto de vida. Ese es el Santander que nosotros queremos construir\u201d, ha concluido el portavoz socialista.<\/p>\n","protected":false},"excerpt":{"rendered":"<p>El secretario general del PSOE Santander, Daniel Fern\u00e1ndez, ha pedido a la alcaldesa, Gema Igual, que escuche la llamada de atenci\u00f3n realizada conjuntamente por cinco asociaciones vecinales de la ciudad y que \u201cdeje de discutir con los vecinos sobre el diagn\u00f3stico para empezar a solucionar los problemas que est\u00e1n denunciando\u201d. Daniel Fern\u00e1ndez ha reaccionado as\u00ed [&hellip;]<\/p>\n","protected":false},"author":2,"featured_media":12533,"comment_status":"open","ping_status":"closed","sticky":false,"template":"","format":"standard","meta":{"tdm_status":"","tdm_grid_status":"","footnotes":""},"categories":[20],"tags":[],"class_list":["post-12532","post","type-post","status-publish","format-standard","has-post-thumbnail","hentry","category-santander"],"_links":{"self":[{"href":"https:\/\/www.psc-psoe.es\/index.php\/wp-json\/wp\/v2\/posts\/12532","targetHints":{"allow":["GET"]}}],"collection":[{"href":"https:\/\/www.psc-psoe.es\/index.php\/wp-json\/wp\/v2\/posts"}],"about":[{"href":"https:\/\/www.psc-psoe.es\/index.php\/wp-json\/wp\/v2\/types\/post"}],"author":[{"embeddable":true,"href":"https:\/\/www.psc-psoe.es\/index.php\/wp-json\/wp\/v2\/users\/2"}],"replies":[{"embeddable":true,"href":"https:\/\/www.psc-psoe.es\/index.php\/wp-json\/wp\/v2\/comments?post=12532"}],"version-history":[{"count":1,"href":"https:\/\/www.psc-psoe.es\/index.php\/wp-json\/wp\/v2\/posts\/12532\/revisions"}],"predecessor-version":[{"id":12534,"href":"https:\/\/www.psc-psoe.es\/index.php\/wp-json\/wp\/v2\/posts\/12532\/revisions\/12534"}],"wp:featuredmedia":[{"embeddable":true,"href":"https:\/\/www.psc-psoe.es\/index.php\/wp-json\/wp\/v2\/media\/12533"}],"wp:attachment":[{"href":"https:\/\/www.psc-psoe.es\/index.php\/wp-json\/wp\/v2\/media?parent=12532"}],"wp:term":[{"taxonomy":"category","embeddable":true,"href":"https:\/\/www.psc-psoe.es\/index.php\/wp-json\/wp\/v2\/categories?post=12532"},{"taxonomy":"post_tag","embeddable":true,"href":"https:\/\/www.psc-psoe.es\/index.php\/wp-json\/wp\/v2\/tags?post=12532"}],"curies":[{"name":"wp","href":"https:\/\/api.w.org\/{rel}","templated":true}]}}