{"id":12529,"date":"2026-09-01T13:53:28","date_gmt":"2026-09-01T12:53:28","guid":{"rendered":"https:\/\/www.psc-psoe.es\/?p=12529"},"modified":"2026-09-01T13:53:28","modified_gmt":"2026-09-01T12:53:28","slug":"daniel-fernandez-denuncia-que-15-anos-despues-los-vecinos-de-santander-siguen-esperando-la-residencia-prometida-por-el-pp-en-el-primero-de-mayo","status":"publish","type":"post","link":"https:\/\/www.psc-psoe.es\/index.php\/2026\/09\/01\/daniel-fernandez-denuncia-que-15-anos-despues-los-vecinos-de-santander-siguen-esperando-la-residencia-prometida-por-el-pp-en-el-primero-de-mayo\/","title":{"rendered":"Daniel Fern\u00e1ndez denuncia que \u201c15 a\u00f1os despu\u00e9s\u201d los vecinos de Santander siguen esperando la residencia prometida por el PP en el Primero de Mayo"},"content":{"rendered":"<p style=\"font-weight: 400; text-align: justify;\">El PSOE ha registrado una bater\u00eda de preguntas para el pr\u00f3ximo Pleno municipal con el objetivo de exigir al equipo de Gobierno explicaciones sobre el estado en el que se encuentra el proyecto de construcci\u00f3n de una residencia y centro de d\u00eda en el Primero de Mayo, cuando se cumplen 15 a\u00f1os desde que el entonces alcalde, \u00cd\u00f1igo de la Serna, colocara la primera piedra.<\/p>\n<p style=\"font-weight: 400; text-align: justify;\">El secretario general y portavoz municipal del PSOE, Daniel Fern\u00e1ndez, ha criticado que \u201cdespu\u00e9s de a\u00f1os de promesas incumplidas en este barrio y en Santander en general, Gema Igual tiene que dar la cara y dejar de conformarse con licitaciones desiertas\u201d.<\/p>\n<p style=\"font-weight: 400; text-align: justify;\">\u201cQuince a\u00f1os despu\u00e9s de aquel primer anuncio, seguimos sin residencia, sin centro de d\u00eda y sin una soluci\u00f3n para una necesidad social que no ha dejado de crecer\u201d, ha se\u00f1alado Daniel Fern\u00e1ndez, quien ha destacado que el Primero de Mayo se encuentra en una zona de Santander que ha experimentado un importante desarrollo urban\u00edstico y demogr\u00e1fico.<\/p>\n<p style=\"font-weight: 400; text-align: justify;\">Por este motivo, los socialistas quieren conocer en qu\u00e9 situaci\u00f3n se encuentra actualmente el proyecto de residencia y centro de d\u00eda, as\u00ed como si el Ayuntamiento tiene previsto volver a sacar a licitaci\u00f3n la construcci\u00f3n y gesti\u00f3n de la residencia y, ese caso, cu\u00e1ndo pretende hacerlo.<\/p>\n<p style=\"font-weight: 400; text-align: justify;\">Adem\u00e1s, el PSOE plantea al equipo de Gobierno si est\u00e1 estudiando f\u00f3rmulas alternativas que permitan garantizar la construcci\u00f3n de esta infraestructura a trav\u00e9s de la promoci\u00f3n p\u00fablica directa, la colaboraci\u00f3n con otras administraciones o cualquier otro modelo de financiaci\u00f3n y gesti\u00f3n.<\/p>\n<p style=\"font-weight: 400; text-align: justify;\">\u201cEs inadmisible que, 15 a\u00f1os despu\u00e9s, sigamos en la misma situaci\u00f3n. Gema Igual y el PP viven de promesas, y ya es hora de que empiecen a cumplirlas\u201d, ha criticado Daniel Fern\u00e1ndez. Adem\u00e1s, ha recordado que, en las inmediaciones de la futura residencia, se encuentra tambi\u00e9n otra promesa electoral del PP todav\u00eda pendiente, como es el centro c\u00edvico del Primero de Mayo.<\/p>\n<p style=\"font-weight: 400; text-align: justify;\">Daniel Fern\u00e1ndez ha reclamado al equipo de Gobierno que \u201cdeje de poner excusas y d\u00e9 respuestas\u201d y ha insistido en que \u201cSantander necesita que el Ayuntamiento sea capaz de planificar, impulsar y ejecutar los equipamientos p\u00fablicos que necesita la ciudadan\u00eda\u201d.<\/p>\n<p style=\"font-weight: 400; text-align: justify;\">\u201cGema Igual es incapaz de dar respuesta a las necesidades de la ciudad, y el caso de la residencia del Primero de Mayo es un ejemplo m\u00e1s de una gesti\u00f3n basada en anuncios que, 15 a\u00f1os despu\u00e9s, siguen sin convertirse en una realidad\u201d, ha concluido el portavoz socialista.<\/p>\n","protected":false},"excerpt":{"rendered":"<p>El PSOE ha registrado una bater\u00eda de preguntas para el pr\u00f3ximo Pleno municipal con el objetivo de exigir al equipo de Gobierno explicaciones sobre el estado en el que se encuentra el proyecto de construcci\u00f3n de una residencia y centro de d\u00eda en el Primero de Mayo, cuando se cumplen 15 a\u00f1os desde que el [&hellip;]<\/p>\n","protected":false},"author":2,"featured_media":12530,"comment_status":"open","ping_status":"closed","sticky":false,"template":"","format":"standard","meta":{"tdm_status":"","tdm_grid_status":"","footnotes":""},"categories":[20],"tags":[],"class_list":["post-12529","post","type-post","status-publish","format-standard","has-post-thumbnail","hentry","category-santander"],"_links":{"self":[{"href":"https:\/\/www.psc-psoe.es\/index.php\/wp-json\/wp\/v2\/posts\/12529","targetHints":{"allow":["GET"]}}],"collection":[{"href":"https:\/\/www.psc-psoe.es\/index.php\/wp-json\/wp\/v2\/posts"}],"about":[{"href":"https:\/\/www.psc-psoe.es\/index.php\/wp-json\/wp\/v2\/types\/post"}],"author":[{"embeddable":true,"href":"https:\/\/www.psc-psoe.es\/index.php\/wp-json\/wp\/v2\/users\/2"}],"replies":[{"embeddable":true,"href":"https:\/\/www.psc-psoe.es\/index.php\/wp-json\/wp\/v2\/comments?post=12529"}],"version-history":[{"count":1,"href":"https:\/\/www.psc-psoe.es\/index.php\/wp-json\/wp\/v2\/posts\/12529\/revisions"}],"predecessor-version":[{"id":12531,"href":"https:\/\/www.psc-psoe.es\/index.php\/wp-json\/wp\/v2\/posts\/12529\/revisions\/12531"}],"wp:featuredmedia":[{"embeddable":true,"href":"https:\/\/www.psc-psoe.es\/index.php\/wp-json\/wp\/v2\/media\/12530"}],"wp:attachment":[{"href":"https:\/\/www.psc-psoe.es\/index.php\/wp-json\/wp\/v2\/media?parent=12529"}],"wp:term":[{"taxonomy":"category","embeddable":true,"href":"https:\/\/www.psc-psoe.es\/index.php\/wp-json\/wp\/v2\/categories?post=12529"},{"taxonomy":"post_tag","embeddable":true,"href":"https:\/\/www.psc-psoe.es\/index.php\/wp-json\/wp\/v2\/tags?post=12529"}],"curies":[{"name":"wp","href":"https:\/\/api.w.org\/{rel}","templated":true}]}}