{"id":1242,"date":"2018-01-28T12:53:31","date_gmt":"2018-01-28T11:53:31","guid":{"rendered":"http:\/\/psc-psoe.es\/?p=1242"},"modified":"2019-02-19T13:27:40","modified_gmt":"2019-02-19T12:27:40","slug":"el-psoe-reivindica-la-regeneracion-de-la-calle-alta","status":"publish","type":"post","link":"https:\/\/www.psc-psoe.es\/index.php\/2018\/01\/28\/el-psoe-reivindica-la-regeneracion-de-la-calle-alta\/","title":{"rendered":"El PSOE reivindica la regeneraci\u00f3n de la Calle Alta"},"content":{"rendered":"<p>El secretario\u00a0El secretario general del PSOE y portavoz municipal, Pedro Casares, ha recorrido la zona de la calle Alta e Isaac Peral, y ha visitado el centro c\u00edvico Callealtero.<\/p>\n<p>Casares reivindica la regeneraci\u00f3n de esta zona de Santander \u201cque necesita de un replanteamiento general\u201d y una mayor intervenci\u00f3n social y urban\u00edstica \u201cfrente a la degradaci\u00f3n paulatina que sufre\u201d.<\/p>\n<p>Para el l\u00edder de los socialistas santanderinos, regenerar esta zona significa tambi\u00e9n recuperar y limpiar \u201cespacios degradados y abandonados que hay actualmente y que son nichos de basura, suciedad y polos de atracci\u00f3n de ratas, como denuncian los vecinos\u201d.<\/p>\n<p>\u201cHagamos peque\u00f1as intervenciones para limpiar y habilitar solares que est\u00e1n vac\u00edos, donde no se ha vuelto a construir pero que no pueden presentar el estado de suciedad actual\u201d explica el edil. &#8220;El Ayuntamiento debe y tiene que instar a su limpieza por la insalubridad y riesgo que representan\u201d, ha sentenciado.<\/p>\n<p>Adem\u00e1s, el l\u00edder socialista ha podido comprobar las deficiencias en la limpieza viaria o los problemas en la recogida de basuras. A la vez que los vecinos le han trasladado la falta de iluminaci\u00f3n en algunas zonas de este entorno de la cuidad o el desconcierto sobre los cambios con motivo de la implantaci\u00f3n del MetroTus.<\/p>\n<p><strong>Convento de Las Clarisas y 70 VPO<\/strong><\/p>\n<p>Para el l\u00edder socialista, es \u201cuna buena noticia\u201d para la zona de la calle Alta que la Comisi\u00f3n Regional de Ordenaci\u00f3n del Territorio y Urbanismo (CROTU) del Gobierno de Cantabria haya aprobado esta semana la modificaci\u00f3n puntual del PGOU de Santander que permitir\u00e1 la construcci\u00f3n de 70 viviendas de protecci\u00f3n oficial.<\/p>\n<p>Adem\u00e1s, de la inversi\u00f3n del ejecutivo PRC-PSOE para rehabilitar el convento de Las Clarisas. Una actuaci\u00f3n que supondr\u00e1 en 2018 una inversi\u00f3n de 600.000 euros contemplados en lo presupuestos regionales.<\/p>\n<p>En este sentido, Casares espera que la rehabilitaci\u00f3n de este edificio \u201cemblem\u00e1tico\u201d sirva \u201ccomo motor de impulso de un plan de rehabilitaci\u00f3n y regeneraci\u00f3n de esta zona de Santander. \u201cNecesitamos revitalizar la calle Alta y que recupere su espacio en el mapa de la ciudad, dot\u00e1ndola de m\u00e1s servicios y m\u00e1s espacios para la cultura, el ocio y el deporte\u201d subraya el edil.<\/p>\n<p>Por ello, el l\u00edder de los socialistas santanderinos defiende un plan de actuaci\u00f3n en el que el PSOE va a trabajar \u201cpara recuperar el atractivo de esta zona, en la que viven muchas familias pero hay pocos recursos dotacionales. A su vez, destaca que la calle alberga instituciones como el Parlamento, la UNED o la residencia de La Caridad \u201cpero no hay apenas servicios\u201d.<\/p>\n<p>Por \u00faltimo, Pedro Casares considera que la aprobaci\u00f3n de esta modificaci\u00f3n puntual del PGOU \u201cdesmonta las mentiras vertidas por el PP contra el Gobierno regional tras la anulaci\u00f3n del plan\u201d. Una vez m\u00e1s, el tiempo demuestra que \u201cla pol\u00edtica partidista y frentista del PP tiene poco recorrido\u201d denuncia.<\/p>\n<p>\u201cEl Gobierno ha dado el visto bueno a una petici\u00f3n de la Sociedad de Vivienda y Suelo para poder acometer esta obra, como lo har\u00e1 cada vez que tenga sentido. Eso s\u00ed, lo que no va a hacer el Gobierno es permitir al PP legislar a la carta para seguir desarrollando su nefasta pol\u00edtica urban\u00edstica en Santander\u201d concluye. <\/p>\n","protected":false},"excerpt":{"rendered":"<p>El secretario\u00a0El secretario general del PSOE y portavoz municipal, Pedro Casares, ha recorrido la zona de la calle Alta e Isaac Peral, y ha visitado el centro c\u00edvico Callealtero. Casares reivindica la regeneraci\u00f3n de esta zona de Santander \u201cque necesita de un replanteamiento general\u201d y una mayor intervenci\u00f3n social y urban\u00edstica \u201cfrente a la degradaci\u00f3n [&hellip;]<\/p>\n","protected":false},"author":2,"featured_media":1243,"comment_status":"open","ping_status":"open","sticky":false,"template":"","format":"standard","meta":{"tdm_status":"","tdm_grid_status":"","footnotes":""},"categories":[20,16],"tags":[],"class_list":["post-1242","post","type-post","status-publish","format-standard","has-post-thumbnail","hentry","category-santander","category-noticias-santander"],"_links":{"self":[{"href":"https:\/\/www.psc-psoe.es\/index.php\/wp-json\/wp\/v2\/posts\/1242","targetHints":{"allow":["GET"]}}],"collection":[{"href":"https:\/\/www.psc-psoe.es\/index.php\/wp-json\/wp\/v2\/posts"}],"about":[{"href":"https:\/\/www.psc-psoe.es\/index.php\/wp-json\/wp\/v2\/types\/post"}],"author":[{"embeddable":true,"href":"https:\/\/www.psc-psoe.es\/index.php\/wp-json\/wp\/v2\/users\/2"}],"replies":[{"embeddable":true,"href":"https:\/\/www.psc-psoe.es\/index.php\/wp-json\/wp\/v2\/comments?post=1242"}],"version-history":[{"count":0,"href":"https:\/\/www.psc-psoe.es\/index.php\/wp-json\/wp\/v2\/posts\/1242\/revisions"}],"wp:featuredmedia":[{"embeddable":true,"href":"https:\/\/www.psc-psoe.es\/index.php\/wp-json\/wp\/v2\/media\/1243"}],"wp:attachment":[{"href":"https:\/\/www.psc-psoe.es\/index.php\/wp-json\/wp\/v2\/media?parent=1242"}],"wp:term":[{"taxonomy":"category","embeddable":true,"href":"https:\/\/www.psc-psoe.es\/index.php\/wp-json\/wp\/v2\/categories?post=1242"},{"taxonomy":"post_tag","embeddable":true,"href":"https:\/\/www.psc-psoe.es\/index.php\/wp-json\/wp\/v2\/tags?post=1242"}],"curies":[{"name":"wp","href":"https:\/\/api.w.org\/{rel}","templated":true}]}}