{"id":11954,"date":"2026-05-01T14:05:12","date_gmt":"2026-05-01T13:05:12","guid":{"rendered":"https:\/\/www.psc-psoe.es\/?p=11954"},"modified":"2026-05-01T14:05:12","modified_gmt":"2026-05-01T13:05:12","slug":"pedro-casares-en-el-psoe-no-vamos-a-parar-para-seguir-avanzando-en-la-dignidad-de-la-clase-trabajadora","status":"publish","type":"post","link":"https:\/\/www.psc-psoe.es\/index.php\/2026\/05\/01\/pedro-casares-en-el-psoe-no-vamos-a-parar-para-seguir-avanzando-en-la-dignidad-de-la-clase-trabajadora\/","title":{"rendered":"Pedro Casares: \u201cEn el PSOE no vamos a parar para seguir avanzando en la dignidad de la clase trabajadora\u201d"},"content":{"rendered":"<p style=\"font-weight: 400; text-align: justify;\">El secretario general del PSOE en Cantabria, Pedro Casares, ha asegurado que los socialistas \u201cno vamos a parar para seguir avanzando en la dignidad de la clase trabajadora\u201d y, por ello, en este Primero de Mayo el partido se suma a CCOO y UGT para reclamar m\u00e1s derechos y mejores salarios.<\/p>\n<p style=\"font-weight: 400; text-align: justify;\">As\u00ed lo ha ensalzado este viernes el l\u00edder de los socialistas c\u00e1ntabros que ha participado en Santander en la manifestaci\u00f3n por el 1 de Mayo convocada por los dos sindicatos y a cuyas reivindicaciones se han sumado los socialistas un a\u00f1o m\u00e1s. Casares ha estado acompa\u00f1ado, entre otros, por los secretarios generales del PSOE de Santander y Torrelavega, Daniel Fern\u00e1ndez y Jos\u00e9 Luis Urraca; el vicesecretario general, Javier Incera, la portavoz de los socialistas c\u00e1ntabros, Ainoa Qui\u00f1ones; el portavoz parlamentario, Mario Iglesias, la presidenta de la fundaci\u00f3n Matilde de la Torre, Paz de la Cuesta, la secretaria de Memoria Democr\u00e1tica, Zoraida Hijosa y el secretario general de Juventudes Socialistas de Cantabria, Fran Cano.<\/p>\n<p style=\"font-weight: 400; text-align: justify;\">\u201cAqu\u00ed estamos un Primero de Mayo m\u00e1s los socialistas de Cantabria defendiendo los derechos de la clase trabajadora de Cantabria y de todo el pa\u00eds\u201d, ha enfatizado Casares, que ha puesto en valor las pol\u00edticas socialistas del Gobierno de Espa\u00f1a para que la clase trabajadora tenga hoy m\u00e1s derechos.<\/p>\n<p style=\"font-weight: 400; text-align: justify;\">El secretario general del PSOE ha se\u00f1alado a quienes dec\u00edan que \u201cno era posible avanzar y tener m\u00e1s derechos para la clase trabajadora\u201d en nuestro pa\u00eds y, frente a los que el PSOE de la mano de UGT y CCOO, ha demostrado que s\u00ed era posible.<\/p>\n<p style=\"font-weight: 400; text-align: justify;\">\u201cHemos demostrado que podemos avanzar en m\u00e1s empleos, m\u00e1s derechos y mejor calidad y, adem\u00e1s, teniendo mejores salarios gracias a una reforma laboral con la que tenemos hoy m\u00e1s derechos, 22 millones de personas trabajando y el mayor Salario M\u00ednimo Interprofesional de la historia de Espa\u00f1a, con 1.221 euros\u201d, ha destacado.<\/p>\n<p style=\"font-weight: 400; text-align: justify;\">Pero Casares ha apuntado que \u201chay mucho m\u00e1s que seguir reivindicando\u201d por los derechos de los trabajadores, sobre todo \u201cante las pol\u00edticas del PP y la extrema derecha que son una verg\u00fcenza\u201d.<\/p>\n<p style=\"font-weight: 400; text-align: justify;\">\u201cHan tumbado los alquileres asequibles para la clase trabajadora que hoy no puede acceder a una vivienda, han votado en contra de la reforma o de subir el SMI, tambi\u00e9n de la revalorizaci\u00f3n de las pensiones p\u00fablicas\u201d, ha criticado el l\u00edder socialista.<\/p>\n<p style=\"font-weight: 400; text-align: justify;\">Ante ello, ha asegurado que \u201ctodos los d\u00edas u tambi\u00e9n en este 1 de Mayo\u201d el PSOE no va a \u201cparar\u201d de trabajar para \u201cseguir avanzando para tener una Cantabria y una Espa\u00f1a mejor, donde la dignidad de la clase trabajadora es innegable\u201d.<\/p>\n","protected":false},"excerpt":{"rendered":"<p>El secretario general del PSOE en Cantabria, Pedro Casares, ha asegurado que los socialistas \u201cno vamos a parar para seguir avanzando en la dignidad de la clase trabajadora\u201d y, por ello, en este Primero de Mayo el partido se suma a CCOO y UGT para reclamar m\u00e1s derechos y mejores salarios. As\u00ed lo ha ensalzado [&hellip;]<\/p>\n","protected":false},"author":12,"featured_media":11955,"comment_status":"open","ping_status":"closed","sticky":false,"template":"","format":"standard","meta":{"tdm_status":"","tdm_grid_status":"","footnotes":""},"categories":[14,24,420,25],"tags":[],"class_list":["post-11954","post","type-post","status-publish","format-standard","has-post-thumbnail","hentry","category-notas-de-prensa","category-partido","category-pedro-casares","category-actualidad"],"_links":{"self":[{"href":"https:\/\/www.psc-psoe.es\/index.php\/wp-json\/wp\/v2\/posts\/11954","targetHints":{"allow":["GET"]}}],"collection":[{"href":"https:\/\/www.psc-psoe.es\/index.php\/wp-json\/wp\/v2\/posts"}],"about":[{"href":"https:\/\/www.psc-psoe.es\/index.php\/wp-json\/wp\/v2\/types\/post"}],"author":[{"embeddable":true,"href":"https:\/\/www.psc-psoe.es\/index.php\/wp-json\/wp\/v2\/users\/12"}],"replies":[{"embeddable":true,"href":"https:\/\/www.psc-psoe.es\/index.php\/wp-json\/wp\/v2\/comments?post=11954"}],"version-history":[{"count":1,"href":"https:\/\/www.psc-psoe.es\/index.php\/wp-json\/wp\/v2\/posts\/11954\/revisions"}],"predecessor-version":[{"id":11956,"href":"https:\/\/www.psc-psoe.es\/index.php\/wp-json\/wp\/v2\/posts\/11954\/revisions\/11956"}],"wp:featuredmedia":[{"embeddable":true,"href":"https:\/\/www.psc-psoe.es\/index.php\/wp-json\/wp\/v2\/media\/11955"}],"wp:attachment":[{"href":"https:\/\/www.psc-psoe.es\/index.php\/wp-json\/wp\/v2\/media?parent=11954"}],"wp:term":[{"taxonomy":"category","embeddable":true,"href":"https:\/\/www.psc-psoe.es\/index.php\/wp-json\/wp\/v2\/categories?post=11954"},{"taxonomy":"post_tag","embeddable":true,"href":"https:\/\/www.psc-psoe.es\/index.php\/wp-json\/wp\/v2\/tags?post=11954"}],"curies":[{"name":"wp","href":"https:\/\/api.w.org\/{rel}","templated":true}]}}