{"id":11951,"date":"2026-04-30T13:16:07","date_gmt":"2026-04-30T12:16:07","guid":{"rendered":"https:\/\/www.psc-psoe.es\/?p=11951"},"modified":"2026-04-30T13:16:07","modified_gmt":"2026-04-30T12:16:07","slug":"el-psoe-desmonta-el-bulo-de-abandono-de-buruaga-con-datos-el-gobierno-de-espana-esta-ejecutando-en-cantabria-las-mayores-inversiones-en-infraestructuras-de-su-historia","status":"publish","type":"post","link":"https:\/\/www.psc-psoe.es\/index.php\/2026\/04\/30\/el-psoe-desmonta-el-bulo-de-abandono-de-buruaga-con-datos-el-gobierno-de-espana-esta-ejecutando-en-cantabria-las-mayores-inversiones-en-infraestructuras-de-su-historia\/","title":{"rendered":"El PSOE desmonta el bulo de abandono de Buruaga con datos: el Gobierno de Espa\u00f1a est\u00e1 ejecutando en Cantabria las mayores inversiones en infraestructuras de su historia"},"content":{"rendered":"<p style=\"font-weight: 400; text-align: justify;\">El portavoz parlamentario del Grupo Parlamentario Socialista, Mario Iglesias, ha presentado este jueves en rueda de prensa las iniciativas que el PSOE de Cantabria defender\u00e1 en el Pleno del pr\u00f3ximo lunes, 4 de mayo, en el Parlamento de Cantabria. Una agenda parlamentaria que combina la fiscalizaci\u00f3n del Gobierno del PP en materia de inversi\u00f3n, econom\u00eda, juventud y defensa de los intereses de los pescadores de Santo\u00f1a, as\u00ed como propuestas en educaci\u00f3n y pol\u00edtica forestal.<\/p>\n<p style=\"font-weight: 400; text-align: justify;\">En el control al Gobierno, el portavoz parlamentario socialista, Mario Iglesias, pretende poner a la presidenta Mar\u00eda Jos\u00e9 S\u00e1enz de Buruaga &#8220;frente al espejo de sus propios bulos&#8221;. Concretamente le preguntar\u00e1 c\u00f3mo puede sostener que Cantabria lleva tres a\u00f1os &#8220;m\u00e1s sola que la una&#8221; ante la supuesta par\u00e1lisis del Gobierno de Espa\u00f1a, cuando los datos del \u00faltimo mes desmienten esa afirmaci\u00f3n. As\u00ed, Iglesias ha se\u00f1alado que s\u00f3lo en el \u00faltimo mes se han anunciado cientos de miles de euros en inversiones y ha enumerado una serie de ejemplos del \u00faltimo mes que se reparten por toda la regi\u00f3n, como la lucha contra incendios forestales, rehabilitaci\u00f3n de firmes en la N-634, la supresi\u00f3n del paso a nivel en Hazas de Cesto, lucha contra la violencia sobre las mujeres, la mejora fluvial del r\u00edo Saja, la estabilizaci\u00f3n de taludes entre Treto y Udalla as\u00ed como un nuevo cuartel de la Guardia Civil en Laredo.<\/p>\n<p style=\"font-weight: 400; text-align: justify;\">En este sentido, el Portavoz del PSOE en el Parlamento ha destacado los 133 millones del nuevo Plan Estatal de Vivienda 2026-2030, \u201cque triplica la financiaci\u00f3n anterior\u201d y el Plan de Cercan\u00edas, dotado con 1.600 millones de euros, entre las que figuran los 37,8 millones para las primeras obras de integraci\u00f3n del ferrocarril en Santander y los m\u00e1s de 50 millones para la duplicaci\u00f3n de v\u00eda entre Astillero y Orejo.<\/p>\n<p style=\"font-weight: 400; text-align: justify;\">&#8220;Esto no es abandono, es compromiso. Un compromiso real que se traduce en euros, en obras y en proyectos en marcha. Buruaga tiene derecho a discrepar, pero no a difundir bulos&#8221;, ha subrayado Iglesias.<\/p>\n<p style=\"font-weight: 400; text-align: justify;\">Desde el PSOE de Cantabria recuerdan, adem\u00e1s, que la financiaci\u00f3n de Valdecilla, el desfiladero de La Hermida, el nudo de Torrelavega, el tercer carril de la A-67, las Naves de Gamazo y el plan inversor del Puerto de Santander 2025-2029 tambi\u00e9n llevan el sello del Gobierno de Espa\u00f1a, y conforman el mayor ciclo inversor del Estado en Cantabria en toda su historia democr\u00e1tica.<\/p>\n<p style=\"font-weight: 400; text-align: justify;\">&#8220;Los recursos del Gobierno de Espa\u00f1a llegan, lo que falta es la pol\u00edtica econ\u00f3mica, industrial y estrat\u00e9gica del Gobierno del PP de Cantabria para aprovecharlos&#8221;, ha se\u00f1alado Iglesias. El portavoz socialista ha recordado que mientras Espa\u00f1a fue en 2024 \u201cmotor econ\u00f3mico de Europa\u201d Cantabria se qued\u00f3 \u201ca la cola del crecimiento del pa\u00eds\u201d y que en 2025 nuestra comunidad aut\u00f3noma sigue creciendo por debajo de la media. En este sentido, pedir\u00e1n explicaciones al Gobierno del PP de Cantabria y har\u00e1n lo propio con el Plan de dragados para el Puerto de Santo\u00f1a que, seg\u00fan el PSOE, el ejecutivo regional ha incumplido por segundo a\u00f1o consecutivo.<\/p>\n<p style=\"font-weight: 400; text-align: justify;\"><strong>Ley de montes propia y compensaci\u00f3n econ\u00f3mica para quienes cuidan el bosque<\/strong><\/p>\n<p style=\"font-weight: 400; text-align: justify;\">El Grupo Parlamentario Socialista ha presentado una proposici\u00f3n no de ley mediante la que instan al Gobierno de Cantabria a presentar un proyecto de Ley de Montes propia, integrar en los planes de ordenaci\u00f3n de los Montes de Utilidad P\u00fablica objetivos de conservaci\u00f3n de fauna amenazada y desarrollar una red de corredores ecol\u00f3gicos. Tambi\u00e9n apuestan por un nuevo Plan Forestal 2027-2050 con participaci\u00f3n real de juntas vecinales, propietarios, ganaderos, ecologistas y cient\u00edficos.<\/p>\n<p style=\"font-weight: 400; text-align: justify;\">Adem\u00e1s, los socialistas proponen una fiscalidad forestal que premie la gesti\u00f3n activa y sostenible del bosque aut\u00f3ctono. As\u00ed, apuestan por crear instrumentos de pago por servicios ecosist\u00e9micos para quienes gestionan y cuidan el bosque aut\u00f3ctono ayudando en la captura de carbono, la regulaci\u00f3n h\u00eddrica y la prevenci\u00f3n de incendios. &#8220;El bosque aut\u00f3ctono no es solo paisaje: es prevenci\u00f3n de incendios, econom\u00eda rural y lucha contra la despoblaci\u00f3n. El PP lleva a\u00f1os ignorando este potencial&#8221;, ha subrayado Iglesias.<\/p>\n<p style=\"font-weight: 400; text-align: justify;\"><strong>Otras iniciativas parlamentarias<\/strong><\/p>\n<p style=\"font-weight: 400; text-align: justify;\">Los socialistas han presentado tambi\u00e9n una moci\u00f3n subsiguiente para instar al Gobierno a alcanzar durante este curso un acuerdo con la Junta de Personal Docente que fije un calendario definido para la reducci\u00f3n progresiva de ratios de alumnado por aula. &#8220;Las ratios no son cifras, son la calidad real de la educaci\u00f3n p\u00fablica c\u00e1ntabra. Debe ser una pol\u00edtica p\u00fablica consciente y planificada, no el resultado del descenso de la natalidad&#8221;, ha defendido Iglesias.<\/p>\n<p style=\"font-weight: 400; text-align: justify;\">Por \u00faltimo, el PSOE interpelar\u00e1 al Gobierno sobre las denuncias del Consejo de la Juventud de Cantabria, que se\u00f1ala un desmantelamiento por infrafinanciaci\u00f3n, una din\u00e1mica institucional que le relega a un papel meramente formal, problemas con su sede y su situaci\u00f3n jur\u00eddica.<\/p>\n","protected":false},"excerpt":{"rendered":"<p>El portavoz parlamentario del Grupo Parlamentario Socialista, Mario Iglesias, ha presentado este jueves en rueda de prensa las iniciativas que el PSOE de Cantabria defender\u00e1 en el Pleno del pr\u00f3ximo lunes, 4 de mayo, en el Parlamento de Cantabria. Una agenda parlamentaria que combina la fiscalizaci\u00f3n del Gobierno del PP en materia de inversi\u00f3n, econom\u00eda, [&hellip;]<\/p>\n","protected":false},"author":12,"featured_media":11952,"comment_status":"open","ping_status":"closed","sticky":false,"template":"","format":"standard","meta":{"tdm_status":"","tdm_grid_status":"","footnotes":""},"categories":[14,24,25],"tags":[],"class_list":["post-11951","post","type-post","status-publish","format-standard","has-post-thumbnail","hentry","category-notas-de-prensa","category-partido","category-actualidad"],"_links":{"self":[{"href":"https:\/\/www.psc-psoe.es\/index.php\/wp-json\/wp\/v2\/posts\/11951","targetHints":{"allow":["GET"]}}],"collection":[{"href":"https:\/\/www.psc-psoe.es\/index.php\/wp-json\/wp\/v2\/posts"}],"about":[{"href":"https:\/\/www.psc-psoe.es\/index.php\/wp-json\/wp\/v2\/types\/post"}],"author":[{"embeddable":true,"href":"https:\/\/www.psc-psoe.es\/index.php\/wp-json\/wp\/v2\/users\/12"}],"replies":[{"embeddable":true,"href":"https:\/\/www.psc-psoe.es\/index.php\/wp-json\/wp\/v2\/comments?post=11951"}],"version-history":[{"count":1,"href":"https:\/\/www.psc-psoe.es\/index.php\/wp-json\/wp\/v2\/posts\/11951\/revisions"}],"predecessor-version":[{"id":11953,"href":"https:\/\/www.psc-psoe.es\/index.php\/wp-json\/wp\/v2\/posts\/11951\/revisions\/11953"}],"wp:featuredmedia":[{"embeddable":true,"href":"https:\/\/www.psc-psoe.es\/index.php\/wp-json\/wp\/v2\/media\/11952"}],"wp:attachment":[{"href":"https:\/\/www.psc-psoe.es\/index.php\/wp-json\/wp\/v2\/media?parent=11951"}],"wp:term":[{"taxonomy":"category","embeddable":true,"href":"https:\/\/www.psc-psoe.es\/index.php\/wp-json\/wp\/v2\/categories?post=11951"},{"taxonomy":"post_tag","embeddable":true,"href":"https:\/\/www.psc-psoe.es\/index.php\/wp-json\/wp\/v2\/tags?post=11951"}],"curies":[{"name":"wp","href":"https:\/\/api.w.org\/{rel}","templated":true}]}}