{"id":11944,"date":"2026-04-29T10:21:47","date_gmt":"2026-04-29T09:21:47","guid":{"rendered":"https:\/\/www.psc-psoe.es\/?p=11944"},"modified":"2026-04-29T10:23:30","modified_gmt":"2026-04-29T09:23:30","slug":"el-psoe-santander-exige-explicaciones-a-gema-igual-por-la-venta-de-37-viviendas-de-alquiler-asequible-a-un-fondo-buitre","status":"publish","type":"post","link":"https:\/\/www.psc-psoe.es\/index.php\/2026\/04\/29\/el-psoe-santander-exige-explicaciones-a-gema-igual-por-la-venta-de-37-viviendas-de-alquiler-asequible-a-un-fondo-buitre\/","title":{"rendered":"El PSOE Santander exige explicaciones a Gema Igual por la venta de 37 viviendas de alquiler asequible a un fondo buitre"},"content":{"rendered":"<p style=\"font-weight: 400; text-align: justify;\">El PSOE Santander ha registrado una bater\u00eda de preguntas en el Ayuntamiento tras conocerse que la promoci\u00f3n de 37 viviendas en alquiler asequible del Primero de Mayo, entregada por la Obra Social \u201cLa Caixa\u201d en 2016, ha sido vendida a un fondo de inversi\u00f3n privado.<\/p>\n<p style=\"font-weight: 400; text-align: justify;\">En su momento, esta promoci\u00f3n fue presentada por el Consistorio como parte de sus pol\u00edticas para facilitar el acceso a la vivienda a precios asequibles para los santanderinos. En concreto se pon\u00eda en valor que las viviendas se sorteasen entre solicitantes empadronados en la ciudad. \u201cConviene recordar que\u00a0el equipo de gobierno del PP, liderado entonces por I\u00f1igo de la Serna, se apropi\u00f3 de esta iniciativa pese a no tratarse de una promoci\u00f3n municipal\u201d, ha se\u00f1alado el portavoz socialista.<\/p>\n<p style=\"font-weight: 400; text-align: justify;\">Diez a\u00f1os despu\u00e9s, la venta de estas 37 viviendas a un fondo privado ha generado una gran preocupaci\u00f3n: \u201cEstamos ante una operaci\u00f3n en la que el inter\u00e9s social desaparece para dar paso a una l\u00f3gica puramente especulativa, que pone en riesgo la estabilidad de 37 familias santanderinas. No podemos obviar que el Ayuntamiento conoc\u00eda y promocionaba estas viviendas como parte de su estrategia de alquiler asequible\u201d, ha afirmado Daniel Fern\u00e1ndez.<\/p>\n<p style=\"font-weight: 400; text-align: justify;\">Ante esta situaci\u00f3n, el PSOE exige a la alcaldesa, Gema Igual, explicaciones claras y detalladas sobre la vigencia del acuerdo suscrito en 2016 con la Obra Social \u201cla Caixa\u201d, los posibles derechos de tanteo o retracto por parte del Ayuntamiento, y las garant\u00edas existentes para las personas inquilinas.<\/p>\n<p style=\"font-weight: 400; text-align: justify;\">Adem\u00e1s, los socialistas advierten de que este caso pone en evidencia la necesidad urgente de reforzar las pol\u00edticas p\u00fablicas de vivienda en Santander. En este sentido, el PSOE ha propuesto la creaci\u00f3n de una bolsa p\u00fablica de vivienda y ha solicitado la declaraci\u00f3n de la ciudad como zona de mercado residencial tensionado, con el objetivo de contener el precio del alquiler y reforzar la protecci\u00f3n de la ciudadan\u00eda, entre otras medidas orientadas a garantizar el acceso a una vivienda adecuada y a precios accesibles.<\/p>\n<p style=\"font-weight: 400; text-align: justify;\">\u201cSantander tiene un grave problema de acceso a la vivienda y no podemos permitir que el Ayuntamiento a\u00f1ada m\u00e1s incertidumbre a los vecinos y vecinas\u201d, ha subrayado el portavoz socialista. \u201cCada vez m\u00e1s personas, j\u00f3venes y familias trabajadoras, se ven obligadas a abandonar la ciudad por la falta de vivienda disponible, los elevados precios del alquiler y el auge de los pisos tur\u00edsticos. Es imprescindible actuar con decisi\u00f3n para garantizar el derecho a una vivienda digna y asequible. Esto no puede continuar as\u00ed\u201d, ha concluido.<\/p>\n","protected":false},"excerpt":{"rendered":"<p>El PSOE Santander ha registrado una bater\u00eda de preguntas en el Ayuntamiento tras conocerse que la promoci\u00f3n de 37 viviendas en alquiler asequible del Primero de Mayo, entregada por la Obra Social \u201cLa Caixa\u201d en 2016, ha sido vendida a un fondo de inversi\u00f3n privado. En su momento, esta promoci\u00f3n fue presentada por el Consistorio [&hellip;]<\/p>\n","protected":false},"author":12,"featured_media":11855,"comment_status":"open","ping_status":"closed","sticky":false,"template":"","format":"standard","meta":{"tdm_status":"","tdm_grid_status":"","footnotes":""},"categories":[20],"tags":[],"class_list":["post-11944","post","type-post","status-publish","format-standard","has-post-thumbnail","hentry","category-santander"],"_links":{"self":[{"href":"https:\/\/www.psc-psoe.es\/index.php\/wp-json\/wp\/v2\/posts\/11944","targetHints":{"allow":["GET"]}}],"collection":[{"href":"https:\/\/www.psc-psoe.es\/index.php\/wp-json\/wp\/v2\/posts"}],"about":[{"href":"https:\/\/www.psc-psoe.es\/index.php\/wp-json\/wp\/v2\/types\/post"}],"author":[{"embeddable":true,"href":"https:\/\/www.psc-psoe.es\/index.php\/wp-json\/wp\/v2\/users\/12"}],"replies":[{"embeddable":true,"href":"https:\/\/www.psc-psoe.es\/index.php\/wp-json\/wp\/v2\/comments?post=11944"}],"version-history":[{"count":1,"href":"https:\/\/www.psc-psoe.es\/index.php\/wp-json\/wp\/v2\/posts\/11944\/revisions"}],"predecessor-version":[{"id":11945,"href":"https:\/\/www.psc-psoe.es\/index.php\/wp-json\/wp\/v2\/posts\/11944\/revisions\/11945"}],"wp:featuredmedia":[{"embeddable":true,"href":"https:\/\/www.psc-psoe.es\/index.php\/wp-json\/wp\/v2\/media\/11855"}],"wp:attachment":[{"href":"https:\/\/www.psc-psoe.es\/index.php\/wp-json\/wp\/v2\/media?parent=11944"}],"wp:term":[{"taxonomy":"category","embeddable":true,"href":"https:\/\/www.psc-psoe.es\/index.php\/wp-json\/wp\/v2\/categories?post=11944"},{"taxonomy":"post_tag","embeddable":true,"href":"https:\/\/www.psc-psoe.es\/index.php\/wp-json\/wp\/v2\/tags?post=11944"}],"curies":[{"name":"wp","href":"https:\/\/api.w.org\/{rel}","templated":true}]}}