{"id":11936,"date":"2026-04-28T08:56:19","date_gmt":"2026-04-28T07:56:19","guid":{"rendered":"https:\/\/www.psc-psoe.es\/?p=11936"},"modified":"2026-04-28T08:56:19","modified_gmt":"2026-04-28T07:56:19","slug":"daniel-fernandez-exige-transparencia-a-gema-igual-santander-no-puede-estar-vallada-y-precintada-sin-motivos","status":"publish","type":"post","link":"https:\/\/www.psc-psoe.es\/index.php\/2026\/04\/28\/daniel-fernandez-exige-transparencia-a-gema-igual-santander-no-puede-estar-vallada-y-precintada-sin-motivos\/","title":{"rendered":"Daniel Fern\u00e1ndez exige transparencia a Gema Igual: \u201cSantander no puede estar vallada y precintada sin motivos\u201d"},"content":{"rendered":"<p style=\"font-weight: 400; text-align: justify;\">El PSOE Santander, a trav\u00e9s de su secretario general y portavoz municipal, Daniel Fern\u00e1ndez, ha ofrecido hoy una rueda de prensa tras registrar una bater\u00eda de preguntas en el Ayuntamiento para denunciar la \u201cfalta transparencia\u201d del equipo de gobierno que encabeza Gema Igual en relaci\u00f3n con el vallado y precintado de m\u00faltiples espacios comunes de la ciudad.<\/p>\n<p style=\"font-weight: 400; text-align: justify;\">Los socialistas solicitan explicaciones sobre qui\u00e9n ha tomado la decisi\u00f3n de cerrar esos espacios, qu\u00e9 informes t\u00e9cnicos la avalan, el plazo previsto de los cierres, as\u00ed como las razones por las que no se ha informado a la ciudadan\u00eda y por qu\u00e9 estas actuaciones se han llevado a cabo de forma simult\u00e1nea. En este sentido, el concejal ha enumerado varias zonas de las afectadas, entre ellas, Virgen del Mar, Canalejas, Mesones, Las Llamas o Peligros.<\/p>\n<p style=\"font-weight: 400; text-align: justify;\">Asimismo, Daniel Fern\u00e1ndez ha advertido de un deterioro generalizado en la ciudad, vinculado, seg\u00fan ha explicado, a la falta de mantenimiento. Entre los problemas se\u00f1alados ha destacado niveles de suciedad \u201cinaceptables\u201d: contenedores desbordados, calles sin limpiar, proliferaci\u00f3n alarmante de ratas y acumulaci\u00f3n de heces caninas, entre otras. Frente a ello, ha defendido una gesti\u00f3n basada en la anticipaci\u00f3n, insistiendo en que \u201cSantander merece una ciudad, abierta, cuidada y bien gestionada\u201d.<\/p>\n<p style=\"font-weight: 400; text-align: justify;\">El portavoz municipal ha subrayado que \u201cel gobierno de Gema Igual es incapaz de hacer frente a esta situaci\u00f3n. Su modelo consiste en no actuar durante tres a\u00f1os y pensar que con cuatro obras en los \u00faltimos meses se puede tapar la sensaci\u00f3n de decadencia de la ciudad\u201d.<\/p>\n<p style=\"font-weight: 400; text-align: justify;\">En relaci\u00f3n con el anuncio municipal de un plan de choque de limpieza, ha instado a la alcaldesa a \u201creconocer el fracaso de su gesti\u00f3n\u201d en esta materia. Adem\u00e1s, ha cuestionado la prolongaci\u00f3n del contrato de emergencia: \u201c\u00bfC\u00f3mo justifica la se\u00f1ora Igual que un contrato de emergencia de 8 meses lleve m\u00e1s de 52 meses en vigor?\u201d.<\/p>\n","protected":false},"excerpt":{"rendered":"<p>El PSOE Santander, a trav\u00e9s de su secretario general y portavoz municipal, Daniel Fern\u00e1ndez, ha ofrecido hoy una rueda de prensa tras registrar una bater\u00eda de preguntas en el Ayuntamiento para denunciar la \u201cfalta transparencia\u201d del equipo de gobierno que encabeza Gema Igual en relaci\u00f3n con el vallado y precintado de m\u00faltiples espacios comunes de [&hellip;]<\/p>\n","protected":false},"author":12,"featured_media":11937,"comment_status":"open","ping_status":"closed","sticky":false,"template":"","format":"standard","meta":{"tdm_status":"","tdm_grid_status":"","footnotes":""},"categories":[20,55,16],"tags":[],"class_list":["post-11936","post","type-post","status-publish","format-standard","has-post-thumbnail","hentry","category-santander","category-arco-de-la-bahia","category-noticias-santander"],"_links":{"self":[{"href":"https:\/\/www.psc-psoe.es\/index.php\/wp-json\/wp\/v2\/posts\/11936","targetHints":{"allow":["GET"]}}],"collection":[{"href":"https:\/\/www.psc-psoe.es\/index.php\/wp-json\/wp\/v2\/posts"}],"about":[{"href":"https:\/\/www.psc-psoe.es\/index.php\/wp-json\/wp\/v2\/types\/post"}],"author":[{"embeddable":true,"href":"https:\/\/www.psc-psoe.es\/index.php\/wp-json\/wp\/v2\/users\/12"}],"replies":[{"embeddable":true,"href":"https:\/\/www.psc-psoe.es\/index.php\/wp-json\/wp\/v2\/comments?post=11936"}],"version-history":[{"count":1,"href":"https:\/\/www.psc-psoe.es\/index.php\/wp-json\/wp\/v2\/posts\/11936\/revisions"}],"predecessor-version":[{"id":11938,"href":"https:\/\/www.psc-psoe.es\/index.php\/wp-json\/wp\/v2\/posts\/11936\/revisions\/11938"}],"wp:featuredmedia":[{"embeddable":true,"href":"https:\/\/www.psc-psoe.es\/index.php\/wp-json\/wp\/v2\/media\/11937"}],"wp:attachment":[{"href":"https:\/\/www.psc-psoe.es\/index.php\/wp-json\/wp\/v2\/media?parent=11936"}],"wp:term":[{"taxonomy":"category","embeddable":true,"href":"https:\/\/www.psc-psoe.es\/index.php\/wp-json\/wp\/v2\/categories?post=11936"},{"taxonomy":"post_tag","embeddable":true,"href":"https:\/\/www.psc-psoe.es\/index.php\/wp-json\/wp\/v2\/tags?post=11936"}],"curies":[{"name":"wp","href":"https:\/\/api.w.org\/{rel}","templated":true}]}}