{"id":11867,"date":"2026-04-06T11:21:33","date_gmt":"2026-04-06T10:21:33","guid":{"rendered":"https:\/\/www.psc-psoe.es\/?p=11867"},"modified":"2026-04-06T11:21:33","modified_gmt":"2026-04-06T10:21:33","slug":"el-psoe-destaca-que-las-politicas-del-gobierno-de-pedro-sanchez-son-el-motor-de-la-creacion-de-empleo-en-cantabria","status":"publish","type":"post","link":"https:\/\/www.psc-psoe.es\/index.php\/2026\/04\/06\/el-psoe-destaca-que-las-politicas-del-gobierno-de-pedro-sanchez-son-el-motor-de-la-creacion-de-empleo-en-cantabria\/","title":{"rendered":"El PSOE destaca que las pol\u00edticas del Gobierno de Pedro S\u00e1nchez son el motor de la creaci\u00f3n de empleo en Cantabria"},"content":{"rendered":"<p style=\"font-weight: 400; text-align: justify;\">El PSOE de Cantabria ha destacado que las pol\u00edticas del Gobierno de Pedro S\u00e1nchez son el motor de la creaci\u00f3n de empleo en Cantabria.<\/p>\n<p style=\"font-weight: 400; text-align: justify;\">As\u00ed lo ha expresado la portavoz de la Comisi\u00f3n Ejecutiva Auton\u00f3mica del PSOE de Cantabria, Ainoa Qui\u00f1ones, que ha afirmado que, \u201csi hoy Cantabria es la tercera comunidad con mayor crecimiento de afiliados a la Seguridad Social o la tercera comunidad donde m\u00e1s ha bajado el desempleo, es gracias a la transformaci\u00f3n del mercado laboral que est\u00e1 llevando a cabo nuestro pa\u00eds\u201d.<\/p>\n<p style=\"font-weight: 400; text-align: justify;\">\u201cEspa\u00f1a es hoy un ejemplo de \u00e9xito en las pol\u00edticas econ\u00f3micas, crece y crea m\u00e1s empleo que nunca alcanzando los 22 millones de afiliados a la Seguridad Social y promoviendo la creaci\u00f3n de empleo estable en Cantabria, que bate un r\u00e9cord de afiliados a la Seguridad Social en la serie hist\u00f3rica\u201d.<\/p>\n<p style=\"font-weight: 400; text-align: justify;\">Qui\u00f1ones ha reaccionado a los datos publicados por el Ministerio de Inclusi\u00f3n, Seguridad Social y Migraciones, que reflejan que hay 2.896 afiliados m\u00e1s en marzo en Cantabria respecto al mes anterior, un 1,24% m\u00e1s; y la comunidad donde m\u00e1s baj\u00f3 el paro en marzo, -1,73%, con 507 desempleados menos.<\/p>\n<p style=\"font-weight: 400; text-align: justify;\">\u201cCantabria tiene la mayor cifra de personas afiliadas a la Seguridad Social de la historia, 235.642 ocupados, y la cifra de desempleo m\u00e1s baja desde marzo de 2008, hace 18 a\u00f1os, que son la muestra de que las pol\u00edticas econ\u00f3micas y de empleo del Gobierno de Pedro S\u00e1nchez, funcionan\u201d, ha expresado.<\/p>\n<p style=\"font-weight: 400; text-align: justify;\">Para la portavoz de los socialistas c\u00e1ntabros, \u201cpol\u00edticas como la reforma laboral o las leyes de transformaci\u00f3n econ\u00f3mica, como la ley de creaci\u00f3n y crecimiento de empresas o la ley de startups, est\u00e1n funcionando, reduciendo problemas estructurales del mercado laboral como la temporalidad, favoreciendo el empleo femenino y el empleo juvenil y consolidando la contrataci\u00f3n indefinida, que garantiza un empleo m\u00e1s estable y de mayor calidad\u201d, ha dicho.<\/p>\n<p style=\"font-weight: 400; text-align: justify;\">As\u00ed, Qui\u00f1ones ha destacado tambi\u00e9n que el salario medio ha crecido en Espa\u00f1a, impulsado por pol\u00edticas como la subida del salario m\u00ednimo interprofesional un 66% en siete a\u00f1os hasta los 1.221 euros; o la modernizaci\u00f3n del mercado laboral y el fomento de sectores de mayor valor a\u00f1adido.<\/p>\n<p style=\"font-weight: 400; text-align: justify;\">Por \u00faltimo, la portavoz del PSOE c\u00e1ntabro ha asegurado que, en el contexto actual, son urgentes medidas auton\u00f3micas que acompa\u00f1en al paquete de medidas impulsado por el Gobierno de Pedro S\u00e1nchez para proteger a hogares y empresas ante los efectos del conflicto en Ir\u00e1n.<\/p>\n<p style=\"font-weight: 400; text-align: justify;\">\u201cEn Espa\u00f1a pese a este contexto de incertidumbre global, se han creado m\u00e1s de 211.000 nuevos empleos en marzo, porque tenemos un Gobierno que garantiza estabilidad y genera confianza\u201d, ha destacado.<\/p>\n<p style=\"font-weight: 400; text-align: justify;\">En este sentido, Qui\u00f1ones ha concluido que \u201clas pol\u00edticas de brazos cruzados del Gobierno del PP en Cantabria son un lastre y demuestran que a este gobierno le falta ambici\u00f3n y eficacia\u201d. \u201cSolo tendr\u00edan que estar copiando lo que hacen otras comunidades aut\u00f3nomas como Asturias, Pa\u00eds Vasco o incluso Galicia, gobernada por ellos mismos\u201d, ha finalizado.<\/p>\n","protected":false},"excerpt":{"rendered":"<p>El PSOE de Cantabria ha destacado que las pol\u00edticas del Gobierno de Pedro S\u00e1nchez son el motor de la creaci\u00f3n de empleo en Cantabria. As\u00ed lo ha expresado la portavoz de la Comisi\u00f3n Ejecutiva Auton\u00f3mica del PSOE de Cantabria, Ainoa Qui\u00f1ones, que ha afirmado que, \u201csi hoy Cantabria es la tercera comunidad con mayor crecimiento [&hellip;]<\/p>\n","protected":false},"author":12,"featured_media":11581,"comment_status":"open","ping_status":"closed","sticky":false,"template":"","format":"standard","meta":{"tdm_status":"","tdm_grid_status":"","footnotes":""},"categories":[14,24],"tags":[],"class_list":["post-11867","post","type-post","status-publish","format-standard","has-post-thumbnail","hentry","category-notas-de-prensa","category-partido"],"_links":{"self":[{"href":"https:\/\/www.psc-psoe.es\/index.php\/wp-json\/wp\/v2\/posts\/11867","targetHints":{"allow":["GET"]}}],"collection":[{"href":"https:\/\/www.psc-psoe.es\/index.php\/wp-json\/wp\/v2\/posts"}],"about":[{"href":"https:\/\/www.psc-psoe.es\/index.php\/wp-json\/wp\/v2\/types\/post"}],"author":[{"embeddable":true,"href":"https:\/\/www.psc-psoe.es\/index.php\/wp-json\/wp\/v2\/users\/12"}],"replies":[{"embeddable":true,"href":"https:\/\/www.psc-psoe.es\/index.php\/wp-json\/wp\/v2\/comments?post=11867"}],"version-history":[{"count":1,"href":"https:\/\/www.psc-psoe.es\/index.php\/wp-json\/wp\/v2\/posts\/11867\/revisions"}],"predecessor-version":[{"id":11868,"href":"https:\/\/www.psc-psoe.es\/index.php\/wp-json\/wp\/v2\/posts\/11867\/revisions\/11868"}],"wp:featuredmedia":[{"embeddable":true,"href":"https:\/\/www.psc-psoe.es\/index.php\/wp-json\/wp\/v2\/media\/11581"}],"wp:attachment":[{"href":"https:\/\/www.psc-psoe.es\/index.php\/wp-json\/wp\/v2\/media?parent=11867"}],"wp:term":[{"taxonomy":"category","embeddable":true,"href":"https:\/\/www.psc-psoe.es\/index.php\/wp-json\/wp\/v2\/categories?post=11867"},{"taxonomy":"post_tag","embeddable":true,"href":"https:\/\/www.psc-psoe.es\/index.php\/wp-json\/wp\/v2\/tags?post=11867"}],"curies":[{"name":"wp","href":"https:\/\/api.w.org\/{rel}","templated":true}]}}