{"id":11804,"date":"2026-03-14T11:59:22","date_gmt":"2026-03-14T10:59:22","guid":{"rendered":"https:\/\/www.psc-psoe.es\/?p=11804"},"modified":"2026-03-14T11:59:41","modified_gmt":"2026-03-14T10:59:41","slug":"daniel-fernandez-pide-la-dimision-de-gema-igual-la-alcaldesa-debe-dimitir-por-mentirosa-o-incompetente","status":"publish","type":"post","link":"https:\/\/www.psc-psoe.es\/index.php\/2026\/03\/14\/daniel-fernandez-pide-la-dimision-de-gema-igual-la-alcaldesa-debe-dimitir-por-mentirosa-o-incompetente\/","title":{"rendered":"Daniel Fern\u00e1ndez pide la dimisi\u00f3n de Gema Igual: \u201cla alcaldesa debe dimitir por mentirosa o incompetente\u201d"},"content":{"rendered":"<p style=\"font-weight: 400; text-align: justify;\">El secretario general del PSOE de Santander y portavoz municipal, Daniel Fern\u00e1ndez, ha pedido la dimisi\u00f3n de la alcaldesa, Gema Igual, en una rueda de prensa en la que ha estado acompa\u00f1ado por la portavoz de la Comisi\u00f3n Ejecutiva Auton\u00f3mica, Ainoa Qui\u00f1ones.<\/p>\n<p style=\"font-weight: 400; text-align: justify;\">\u201cHa dicho que la pasarela de El Bocal no era responsabilidad del Ayuntamiento. Que no correspond\u00eda al Ayuntamiento su mantenimiento. Que no era una infraestructura municipal. Ese ha sido el relato. El problema es que los hechos dicen exactamente lo contrario. Hoy sabemos, por documentaci\u00f3n oficial, que esa pasarela fue recepcionada por el Ayuntamiento en 2015\u201d, ha expresado.<\/p>\n<p style=\"font-weight: 400; text-align: justify;\">Para el portavoz socialista, \u201csi sab\u00eda de la existencia de estos documentos y aun as\u00ed sali\u00f3 p\u00fablicamente a decir que el Ayuntamiento no ten\u00eda responsabilidad estamos ante algo grav\u00edsimo porque significa que ha mentido a la ciudadan\u00eda, y si no lo sab\u00eda, el problema es la incompetencia\u201d.<\/p>\n<p style=\"font-weight: 400; text-align: justify;\">\u201cLa alcaldesa debe dimitir por mentirosa o incompetente\u201d, ha enfatizado.<\/p>\n<p style=\"font-weight: 400; text-align: justify;\">Fern\u00e1ndez ha denunciado durante la rueda de prensa, en la que tambi\u00e9n ha pedido que se depuren las responsabilidades de los concejales de Protecci\u00f3n Ciudadana y Medio Ambiente, y han recordado que \u201ctoda la responsabilidad no puede recaer en la agente que recibi\u00f3 la llamada cuando no hay protocolos de actuaci\u00f3n en la Polic\u00eda Local\u201d.<\/p>\n<p style=\"font-weight: 400; text-align: justify;\">\u201cNo hay una tercera opci\u00f3n.\u00a0Porque en pol\u00edtica se puede fallar, se puede equivocar uno, lo que no se puede hacer es enga\u00f1ar a la ciudadan\u00eda. Y lo que tampoco se puede hacer es no saber lo que uno tiene que saber para ejercer su responsabilidad\u201d, ha criticado.<\/p>\n<p style=\"font-weight: 400; text-align: justify;\">Para el portavoz de los socialistas santanderinos, \u201cSantander necesita algo muy distinto a lo que hemos visto estos d\u00edas. Necesita explicaciones claras. Necesita responsabilidades pol\u00edticas\u201d. \u201cY necesita respeto por la verdad\u201d, ha enfatizado.<\/p>\n<p style=\"font-weight: 400; text-align: justify;\">\u201cPorque las instituciones est\u00e1n para servir a la gente.\u00a0No para esconderse, no para cambiar el relato, no para intentar trasladar la responsabilidad a otros. La pol\u00edtica no puede ser un ejercicio permanente de escapismo\u201d, ha se\u00f1alado.<\/p>\n<p style=\"font-weight: 400; text-align: justify;\">Sobre la convocatoria de pleno extraordinario, \u201ccada vez que el Ayuntamiento tiene un problema de comunicaci\u00f3n, buscan desviar la atenci\u00f3n. Es una constante a lo largo del tiempo\u201d.<\/p>\n<p style=\"font-weight: 400; text-align: justify;\">\u201cTras la entrevista al secretario de Estado, Hugo Mor\u00e1n, el ayuntamiento env\u00eda un comunicado diciendo que no puede establecer la fecha del pleno hasta que los portavoces determinemos el punto de resoluci\u00f3n del orden del d\u00eda y si conlleva votaci\u00f3n\u201d, ha explicado Fern\u00e1ndez, que ha se\u00f1alado que es \u201calgo que no es necesario matizar porque lo que queda claro es que queremos un debate sobre las responsabilidades pol\u00edticas y t\u00e9cnicas del ayuntamiento en esta tragedia\u201d.<\/p>\n<p style=\"font-weight: 400; text-align: justify;\">Por su parte la portavoz de la Comisi\u00f3n Ejecutiva Auton\u00f3mica, Ainoa Qui\u00f1ones, ha afirmado que \u201chan llegado los datos, han llegado los documentos y ha llegado la verdad\u201d.<\/p>\n<p style=\"font-weight: 400; text-align: justify;\">\u201cFrente a las cortinas de humo de los \u00faltimos d\u00edas, frente a las ruedas de prensa precipitadas para evadir responsabilidades y frente a las acusaciones, insultos y mentiras del PP para desviar la atenci\u00f3n y salir al rescate de Gema Igual, hoy sabemos la verdad\u201d, ha expresado.<\/p>\n<p style=\"font-weight: 400; text-align: justify;\">Para Qui\u00f1ones, \u201cla responsabilidad sobre la Polic\u00eda Local de Santander es en \u00faltima instancia de la alcaldesa de la ciudad. Y la responsabilidad sobre el mantenimiento de las pasarelas de El Bocal y del conjunto de la senda costera, que la alcaldesa promocionaba en FITUR, tambi\u00e9n es responsabilidad pol\u00edtica de la alcaldesa de la ciudad\u201d.<\/p>\n<p style=\"font-weight: 400; text-align: justify;\">\u201cApelamos, exigimos,\u00a0haciendo, adem\u00e1s, uso de las miserables palabras que ha utilizado el portavoz del Partido Popular de forma indecente en los \u00faltimos d\u00edas, que la alcaldesa de Santander ni mienta ni se esconda y asuma sus responsabilidades\u201d, ha asegurado la portavoz de los socialistas c\u00e1ntabros.<\/p>\n<p style=\"font-weight: 400; text-align: justify;\">En este sentido, la portavoz socialista ha pedido que \u201clo haga en honor a la verdad, que lo haga en honor a la ciudad a la que representa y a la responsabilidad que ejerce como alcaldesa de la ciudad\u201d.<\/p>\n<p style=\"font-weight: 400; text-align: justify;\">Qui\u00f1ones ha recordado que los documentos \u201cson claros\u201d, la obra se recepciona en 2015 y en 2017, en un documento con fecha de 3 de marzo, se comprometen a su mantenimiento a trav\u00e9s del servicio municipal de Parques y Jardines.<\/p>\n<p style=\"font-weight: 400; text-align: justify;\">\u201cLa obra, por tanto, est\u00e1 recepcionada desde 2015, est\u00e1 abierta al uso p\u00fablico y el compromiso de mantenimiento sigue vigente, como ratificaron en 2017, en ese documento de 3 de marzo\u201d, ha reiterado.<\/p>\n<p style=\"font-weight: 400; text-align: justify;\">Por \u00faltimo, Ainoa Qui\u00f1ones ha se\u00f1alado que el ministerio para la Transici\u00f3n Ecol\u00f3gica \u201cha hecho lo que deb\u00eda\u201d, remitiendo a la jueza encargada de la investigaci\u00f3n toda la documentaci\u00f3n que obra en poder del Gobierno de Espa\u00f1a.<\/p>\n<p style=\"font-weight: 400; text-align: justify;\"><strong>\u00a0<\/strong><\/p>\n<p style=\"font-weight: 400;\">\n","protected":false},"excerpt":{"rendered":"<p>El secretario general del PSOE de Santander y portavoz municipal, Daniel Fern\u00e1ndez, ha pedido la dimisi\u00f3n de la alcaldesa, Gema Igual, en una rueda de prensa en la que ha estado acompa\u00f1ado por la portavoz de la Comisi\u00f3n Ejecutiva Auton\u00f3mica, Ainoa Qui\u00f1ones. \u201cHa dicho que la pasarela de El Bocal no era responsabilidad del Ayuntamiento. [&hellip;]<\/p>\n","protected":false},"author":12,"featured_media":11805,"comment_status":"open","ping_status":"closed","sticky":false,"template":"","format":"standard","meta":{"tdm_status":"","tdm_grid_status":"","footnotes":""},"categories":[14,24],"tags":[],"class_list":["post-11804","post","type-post","status-publish","format-standard","has-post-thumbnail","hentry","category-notas-de-prensa","category-partido"],"_links":{"self":[{"href":"https:\/\/www.psc-psoe.es\/index.php\/wp-json\/wp\/v2\/posts\/11804","targetHints":{"allow":["GET"]}}],"collection":[{"href":"https:\/\/www.psc-psoe.es\/index.php\/wp-json\/wp\/v2\/posts"}],"about":[{"href":"https:\/\/www.psc-psoe.es\/index.php\/wp-json\/wp\/v2\/types\/post"}],"author":[{"embeddable":true,"href":"https:\/\/www.psc-psoe.es\/index.php\/wp-json\/wp\/v2\/users\/12"}],"replies":[{"embeddable":true,"href":"https:\/\/www.psc-psoe.es\/index.php\/wp-json\/wp\/v2\/comments?post=11804"}],"version-history":[{"count":1,"href":"https:\/\/www.psc-psoe.es\/index.php\/wp-json\/wp\/v2\/posts\/11804\/revisions"}],"predecessor-version":[{"id":11806,"href":"https:\/\/www.psc-psoe.es\/index.php\/wp-json\/wp\/v2\/posts\/11804\/revisions\/11806"}],"wp:featuredmedia":[{"embeddable":true,"href":"https:\/\/www.psc-psoe.es\/index.php\/wp-json\/wp\/v2\/media\/11805"}],"wp:attachment":[{"href":"https:\/\/www.psc-psoe.es\/index.php\/wp-json\/wp\/v2\/media?parent=11804"}],"wp:term":[{"taxonomy":"category","embeddable":true,"href":"https:\/\/www.psc-psoe.es\/index.php\/wp-json\/wp\/v2\/categories?post=11804"},{"taxonomy":"post_tag","embeddable":true,"href":"https:\/\/www.psc-psoe.es\/index.php\/wp-json\/wp\/v2\/tags?post=11804"}],"curies":[{"name":"wp","href":"https:\/\/api.w.org\/{rel}","templated":true}]}}