{"id":11798,"date":"2026-03-13T11:41:43","date_gmt":"2026-03-13T10:41:43","guid":{"rendered":"https:\/\/www.psc-psoe.es\/?p=11798"},"modified":"2026-03-13T11:41:43","modified_gmt":"2026-03-13T10:41:43","slug":"el-psoe-critica-que-el-pp-solo-busca-desviar-la-atencion-con-el-viaje-a-mexico-de-casares-en-una-estrategia-politica-miserable","status":"publish","type":"post","link":"https:\/\/www.psc-psoe.es\/index.php\/2026\/03\/13\/el-psoe-critica-que-el-pp-solo-busca-desviar-la-atencion-con-el-viaje-a-mexico-de-casares-en-una-estrategia-politica-miserable\/","title":{"rendered":"El PSOE critica que el PP solo \u201cbusca desviar la atenci\u00f3n\u201d con el viaje a M\u00e9xico de Casares en \u201cuna estrategia pol\u00edtica miserable\u201d"},"content":{"rendered":"<p style=\"font-weight: 400; text-align: justify;\">El PSOE de Cantabria ha criticado que el Partido Popular solo \u201cbusca desviar la atenci\u00f3n\u201d con sus manifestaciones sobre el viaje a M\u00e9xico del secretario general de los socialistas c\u00e1ntabros y delegado del Gobierno en la comunidad aut\u00f3noma, Pedro Casares, en una \u201cestrategia pol\u00edtica miserable\u201d.<\/p>\n<p style=\"font-weight: 400; text-align: justify;\">La portavoz de la Comisi\u00f3n Ejecutiva Auton\u00f3mica del PSOE de Cantabria, Aino Qui\u00f1ones, ha denunciado este viernes en una rueda de prensa el intento de los \u2018populares\u2019 de culpabilizarle e incriminarle y reprocharle que no volviera\u201d cuando saben que \u201cno era necesaria la presencia del delegado del Gobierno al igual que la de ning\u00fan pol\u00edtico, que no toman decisiones en estas circunstancias\u201d.<\/p>\n<p style=\"font-weight: 400; text-align: justify;\">\u201cSi el delegado del Gobierno hubiera vuelto cuando supo de la ya tragedia inevitable, su papel el mi\u00e9rcoles aqu\u00ed se habr\u00eda limitado a hacer un seguimiento del operativo de b\u00fasqueda de la \u00faltima v\u00edctima rescatada sin vida el jueves. No podr\u00eda haber hecho nada m\u00e1s\u201d, ha se\u00f1alado Qui\u00f1ones, que ha insistido en que en el PP lo saben, pero tratan de \u201ccorrer una cortina de humo e intentar rescatar la poca credibilidad que le queda a la alcaldesa de Santander, Gema Igual\u201d.<\/p>\n<p style=\"font-weight: 400; text-align: justify;\">La portavoz socialista ha lamentado las \u201cmentiras\u201d del PP que una vez m\u00e1s marcan la actualidad pol\u00edtica de Cantabria y que las utilicen en un \u201casunto tan grave\u201d como la tragedia ocurrida la pasada semana en El Bical de Santander, donde fallecieron seis j\u00f3venes tras el hundimiento de una pasarela.<\/p>\n<p style=\"font-weight: 400; text-align: justify;\">Frente a la actitud de los \u2018populares\u2019, Qui\u00f1ones ha manifestado que desde el PSOE \u201cno vamos a interferir en una instrucci\u00f3n judicial que queremos que se realice de forma escrupulosa para que se determinen todas las responsabilidades, sean de qui\u00e9n sean\u201d.<\/p>\n<p style=\"font-weight: 400; text-align: justify;\">En este sentido, la portavoz del partido se ha referido a la regidora santanderina que, en plena instrucci\u00f3n judicial, dice que la responsabilidad del mantenimiento de las pasarelas concluida y abiertas al uso ciudadano es de Costas, pero \u201clo principal mociona en la edici\u00f3n de FITUR de este a\u00f1o y en la web del Ayuntamiento\u201d.<\/p>\n<p style=\"font-weight: 400; text-align: justify;\">\u201cDice no tener ninguna responsabilidad sobre el estado de esas pasarelas, pero, tras decir eso, ha decidido vallar toda la ciudad. Todo muy coherente y todo muy responsable, como hace ella siempre\u201d, ha a\u00f1adido.<\/p>\n<p style=\"font-weight: 400; text-align: justify;\"><strong>Responsabilidad in vigilando de todas las infraestructuras del municipio<\/strong><\/p>\n<p style=\"font-weight: 400; text-align: justify;\">Y es que, para Qui\u00f1ones, \u201cla realidad que sabemos todos los santanderinos y santanderinas es que el m\u00e1ximo responsable de una ciudad tiene la \u00faltima responsabilidad, in vigilando, de las infraestructuras que hay en su municipio, sean o no de su competencia\u201d y as\u00ed lo ha evidenciado la propia alcaldesa en otras ocasiones, como cuando solicit\u00f3 a Costas y a la Delegaci\u00f3n \u201cel vallado de la terraza del Rhin\u201d el pasado mes de agosto.<\/p>\n<p style=\"font-weight: 400; text-align: justify;\">\u201c\u00bfPor qu\u00e9 lo hizo ese d\u00eda, pero no lo ha hecho en El Bocal?. \u00bfPor qu\u00e9 promociona en FITUR esa senda litoral norte que hoy dice que est\u00e1 inacabada y por tanto no es de su competencia, aunque ella haya permitido su uso?. \u00bfPor qu\u00e9 no atendi\u00f3 a las reclamaciones de vecinos de Cueto y Monte alertando previamente a ese vecino del estado de las pasarelas en el buz\u00f3n ciudadano y tampoco hizo nada?\u201d, ha preguntado la portavoz del PSOE.<\/p>\n<p style=\"font-weight: 400; text-align: justify;\">Al respecto, ha considerado que \u201chay muchas inc\u00f3gnitas y pocas certezas\u201d sobre las que decidir\u00e1 un juzgado y, por tanto, los socialistas quieren que la instrucci\u00f3n \u201cse realice de forma escrupulosa para que se determinen todas las responsabilidades, sean de qui\u00e9n sean\u201d.<\/p>\n<p style=\"font-weight: 400; text-align: justify;\">En cuanto a las \u201cmuchas barbaridades\u201d manifestadas por el portavoz parlamentario del PP, Qui\u00f1ones ha denunciado que \u201cno solo ha faltado a la verdad\u201d sino al \u201crespeto\u201d de los socialistas a los que ha llamado \u201cmiserables\u201d.<\/p>\n<p style=\"font-weight: 400; text-align: justify;\">\u201cAqu\u00ed el \u00fanico miserable parece que va a acabar siendo \u00e9l, que ya veremos d\u00f3nde acaba\u201d, ha espetado Qui\u00f1ones, que ha reivindicado que \u201cla pol\u00edtica se dignifica cuando cambiamos los insultos que pronuncia \u00e9l por los argumentos que utilizamos los dem\u00e1s\u201d.<\/p>\n<p style=\"font-weight: 400; text-align: justify;\">Tras insistir en que en el operativo de b\u00fasqueda de las v\u00edctimas de El Bocal no era necesaria la presencia de Casares ni la de ning\u00fan pol\u00edtico, ha indicado como ejemplo que la presidenta de Cantabria, Mar\u00eda Jos\u00e9 S\u00e1enz de Buruaga, estuvo la tarde del martes y \u201cno volvi\u00f3 a aparecer por all\u00ed porque l\u00f3gicamente quienes ten\u00edan que estar sobre el terreno de los hechos eran \u00fanicamente los t\u00e9cnicos y los operativos de rescate\u201d.<\/p>\n<p style=\"font-weight: 400; text-align: justify;\">En la misma l\u00ednea, se ha referido a la presencia de la consejera de Presidencia, Isabel Urrutia, y la directora general M\u00f3nica Escobedo, que es tuvieron en varios momentos del operativo.<\/p>\n<p style=\"font-weight: 400; text-align: justify;\">\u201cEl delegado del Gobierno no pod\u00eda haber tomado ninguna decisi\u00f3n para evitar la terrible tragedia como tampoco lo podr\u00eda haber hecho la consejera de Presidencia, Isabel Urrutia, o la directora general, M\u00f3nica Escobedo, que tuvieron una actuaci\u00f3n impecable durante todo el rescate, sin interferir en el trabajo de los t\u00e9cnicos, que fue intachable\u201d, ha reiterado.<\/p>\n<p style=\"font-weight: 400; text-align: justify;\">\u201cSi hubiera podido coger un avi\u00f3n, \u00e9ste no habr\u00eda llegado a Santander hasta el mi\u00e9rcoles por la tarde, cuando todo el dispositivo ya estaba en marcha y con la mayor\u00eda de personas rescatadas sin vida\u201d, ha enfatizado.<\/p>\n<p style=\"font-weight: 400; text-align: justify;\"><strong>Irresponsabilidad e inmadurez pol\u00edtica del PP<\/strong><\/p>\n<p style=\"font-weight: 400; text-align: justify;\">Por ello, ha se\u00f1alado que lo ha hecho ayer el portavoz del PP en el Parlamento \u201cdemuestra el grado de irresponsabilidad y de inmadurez pol\u00edtica del Partido Popular, que quiere matar moscas a ca\u00f1onazos atacando al delegado del Gobierno para tapar a la alcaldesa de Santander y desviar la atenci\u00f3n medi\u00e1tica\u201d.<\/p>\n<p style=\"font-weight: 400; text-align: justify;\">Sobre el viaje a M\u00e9xico de Casares, ha detallado que particip\u00f3 una delegaci\u00f3n del PSOE, representantes de la Fundaci\u00f3n Matilde de la Torre, una representaci\u00f3n del Ayuntamiento de Cabez\u00f3n de la Sal y de los coros y danzas del municipio, y cada uno de los asistentes al viaje se sufrag\u00f3 sus gastos.<\/p>\n<p style=\"font-weight: 400; text-align: justify;\">\u201cLa agenda de actividades no se limit\u00f3 s\u00f3lo al acto que tuvo lugar el jueves 5 de marzo de exhumaci\u00f3n de los restos de Matilde de la Torre en el Pante\u00f3n espa\u00f1ol del cementerio de la Ciudad de M\u00e9xico\u201d sino que arranc\u00f3 el lunes d\u00eda 2 con la realizaci\u00f3n de todos los realistas burocr\u00e1ticos previos a la exhumaci\u00f3n.<\/p>\n<p style=\"font-weight: 400; text-align: justify;\">\u201cCualquiera que conozca a Pedro Casares y su forma de trabajar sabr\u00e1 que estuvo durante toda la semana manteniendo encuentros institucionales con autoridades locales, regionales y empresariales: la embajada espa\u00f1ola en M\u00e9xico, el Consulado, la Consejer\u00eda de Educaci\u00f3n, el Ateneo Espa\u00f1ol, la Casa Monta\u00f1esa de Cantabria en M\u00e9xico, visitas y reuniones con la universidad aut\u00f3noma nacional de M\u00e9xico o con el Colegio de M\u00e9xico, instituci\u00f3n fundada por exiliados republicanos espa\u00f1oles o la atenci\u00f3n a medios de comunicaci\u00f3n\u201d, ha indicado.<\/p>\n<p style=\"font-weight: 400; text-align: justify;\">Tras detallar estos actos de la agenda en M\u00e9xico y resaltar la recuperaci\u00f3n de los restos de Matilde de la Torre para que descanse en Cabez\u00f3n de la Sal, Qui\u00f1ones ha manifestado que en el PSOE entendemos la desesperaci\u00f3n en la que se encuentra el PP, pero no todo vale ni puede valer para hacer pol\u00edtica\u201d.<\/p>\n<p style=\"font-weight: 400; text-align: justify;\">\u201cCualquiera que conozca al delegado del Gobierno sabe perfectamente que hubiera preferido estar aqu\u00ed. No pudo ser y estuvo al corriente de todo el operativo y de cada situaci\u00f3n que se produjo durante las 48 horas que dur\u00f3 el dispositivo de rescate. Es hasta inhumano intentar culpabilizarle de algo de lo que no era responsable\u201d, ha dicho.<\/p>\n<p style=\"font-weight: 400; text-align: justify;\">Para concluir, ha pedido al PP que vuelva a \u201cla senda del sentido com\u00fan, de la moderaci\u00f3n y de la responsabilidad de la que nunca deber\u00edan haber salido presos por el auge de la extrema derecha de Vox en Cantabria\u201d.<\/p>\n<p style=\"font-weight: 400; text-align: justify;\"><strong>Sueldo de Juanjo Alonso<\/strong><\/p>\n<p style=\"font-weight: 400; text-align: justify;\">Por \u00faltimo, Ainoa Qui\u00f1ones, que ha reprochado al portavoz del PP que llamar\u00e1 miserable al delegado del Gobierno, acus\u00e1ndole de estar de vacaciones con los cuerpos de las v\u00edctimas a\u00fan calientes, ha dicho que \u201cel \u00fanico miserable parece que va a acabar siendo \u00e9l\u201d.<\/p>\n<p style=\"font-weight: 400; text-align: justify;\">\u201cPor cierto, siempre habla de sueldos, no s\u00e9 si tiene donde volver cuando deje de ser diputado, pero tanto el secretario general del PSOE de Cantabria como yo, volveremos a nuestro trabajo en la universidad\u201d, ha se\u00f1alado.<\/p>\n<p style=\"font-weight: 400; text-align: justify;\">Para Qui\u00f1ones, \u201c\u00e9l\u2026 que lleva desde 2007 en pol\u00edtica, ya veremos donde acaba, pero si le pedimos un poco m\u00e1s de respeto, no por nosotros, sino por las instituciones a las que todos representamos\u201d. \u201cPorque la pol\u00edtica se dignifica cuando cambiamos los insultos que pronuncia \u00e9l por los argumentos que utilizamos los dem\u00e1s\u201d, ha concluido.<\/p>\n<p style=\"font-weight: 400; text-align: justify;\">\n","protected":false},"excerpt":{"rendered":"<p>El PSOE de Cantabria ha criticado que el Partido Popular solo \u201cbusca desviar la atenci\u00f3n\u201d con sus manifestaciones sobre el viaje a M\u00e9xico del secretario general de los socialistas c\u00e1ntabros y delegado del Gobierno en la comunidad aut\u00f3noma, Pedro Casares, en una \u201cestrategia pol\u00edtica miserable\u201d. La portavoz de la Comisi\u00f3n Ejecutiva Auton\u00f3mica del PSOE de [&hellip;]<\/p>\n","protected":false},"author":12,"featured_media":11799,"comment_status":"open","ping_status":"closed","sticky":false,"template":"","format":"standard","meta":{"tdm_status":"","tdm_grid_status":"","footnotes":""},"categories":[14,24,25],"tags":[],"class_list":["post-11798","post","type-post","status-publish","format-standard","has-post-thumbnail","hentry","category-notas-de-prensa","category-partido","category-actualidad"],"_links":{"self":[{"href":"https:\/\/www.psc-psoe.es\/index.php\/wp-json\/wp\/v2\/posts\/11798","targetHints":{"allow":["GET"]}}],"collection":[{"href":"https:\/\/www.psc-psoe.es\/index.php\/wp-json\/wp\/v2\/posts"}],"about":[{"href":"https:\/\/www.psc-psoe.es\/index.php\/wp-json\/wp\/v2\/types\/post"}],"author":[{"embeddable":true,"href":"https:\/\/www.psc-psoe.es\/index.php\/wp-json\/wp\/v2\/users\/12"}],"replies":[{"embeddable":true,"href":"https:\/\/www.psc-psoe.es\/index.php\/wp-json\/wp\/v2\/comments?post=11798"}],"version-history":[{"count":1,"href":"https:\/\/www.psc-psoe.es\/index.php\/wp-json\/wp\/v2\/posts\/11798\/revisions"}],"predecessor-version":[{"id":11800,"href":"https:\/\/www.psc-psoe.es\/index.php\/wp-json\/wp\/v2\/posts\/11798\/revisions\/11800"}],"wp:featuredmedia":[{"embeddable":true,"href":"https:\/\/www.psc-psoe.es\/index.php\/wp-json\/wp\/v2\/media\/11799"}],"wp:attachment":[{"href":"https:\/\/www.psc-psoe.es\/index.php\/wp-json\/wp\/v2\/media?parent=11798"}],"wp:term":[{"taxonomy":"category","embeddable":true,"href":"https:\/\/www.psc-psoe.es\/index.php\/wp-json\/wp\/v2\/categories?post=11798"},{"taxonomy":"post_tag","embeddable":true,"href":"https:\/\/www.psc-psoe.es\/index.php\/wp-json\/wp\/v2\/tags?post=11798"}],"curies":[{"name":"wp","href":"https:\/\/api.w.org\/{rel}","templated":true}]}}