{"id":11784,"date":"2026-03-10T17:22:06","date_gmt":"2026-03-10T16:22:06","guid":{"rendered":"https:\/\/www.psc-psoe.es\/?p=11784"},"modified":"2026-03-11T17:28:07","modified_gmt":"2026-03-11T16:28:07","slug":"daniel-fernandez-solicita-acceder-a-informes-expedientes-y-comparecencias-municipales-para-esclarecer-lo-ocurrido-en-la-senda-litoral-norte","status":"publish","type":"post","link":"https:\/\/www.psc-psoe.es\/index.php\/2026\/03\/10\/daniel-fernandez-solicita-acceder-a-informes-expedientes-y-comparecencias-municipales-para-esclarecer-lo-ocurrido-en-la-senda-litoral-norte\/","title":{"rendered":"Daniel Fern\u00e1ndez solicita acceder a informes, expedientes y comparecencias municipales para esclarecer lo ocurrido en la senda litoral norte"},"content":{"rendered":"<p style=\"text-align: justify;\">El secretario general y portavoz del PSOE Santander, Daniel Fern\u00e1ndez, ha reclamado hoy \u201ctransparencia y explicaciones con documentos sobre la mesa\u201d tras la tragedia ocurrida el pasado martes en El Bocal, donde seis j\u00f3venes perdieron la vida tras el desprendimiento de una pasarela.<\/p>\n<p style=\"text-align: justify;\">Fern\u00e1ndez ha comenzado su intervenci\u00f3n trasladando el respeto, el dolor y la solidaridad del PSOE con las familias y amigos de las v\u00edctimas. \u201cSeis j\u00f3venes, seis vidas y seis familias destrozadas. Y una ciudad entera que todav\u00eda intenta entender qu\u00e9 ha pasado\u201d, ha se\u00f1alado.<\/p>\n<p style=\"text-align: justify;\">Por respeto a las familias, a la ciudad y a la verdad, el portavoz socialista ha defendido que lo primero que debe hacer una instituci\u00f3n democr\u00e1tica tras una tragedia de esta magnitud es\u00a0informar con claridad, transparencia y datos.<\/p>\n<p style=\"text-align: justify;\">Sin embargo, ha denunciado que lo ocurrido estos d\u00edas en el Ayuntamiento ha sido \u201cexactamente lo contrario\u201d.<\/p>\n<p style=\"text-align: justify;\">\u201cHan pasado varios d\u00edas desde el accidente y los grupos pol\u00edticos de la oposici\u00f3n seguimos sin tener informaci\u00f3n oficial. No tenemos informes, no tenemos expedientes, no tenemos documentos ni comparecencias. Lo \u00fanico que hemos escuchado son explicaciones improvisadas de la alcaldesa en los medios de comunicaci\u00f3n\u201d, ha afirmado.<\/p>\n<h2 style=\"text-align: justify;\">Solicitud de una comisi\u00f3n extraordinaria<\/h2>\n<p style=\"text-align: justify;\">Ante esta situaci\u00f3n, el PSOE Santander ha anunciado formalmente la convocatoria de\u00a0una Comisi\u00f3n Extraordinaria de Desarrollo Sostenible\u00a0para poder acceder a toda la documentaci\u00f3n relacionada con lo sucedido.<\/p>\n<p style=\"text-align: justify;\">En esa comisi\u00f3n, los socialistas reclaman tres elementos b\u00e1sicos:\u00a0documentos, informes y comparecencias.<\/p>\n<p style=\"text-align: justify;\">En concreto, el PSOE Santander quiere conocer toda la documentaci\u00f3n relativa al proyecto de la\u00a0senda litoral norte, al\u00a0proyecto de sostenibilidad tur\u00edstica en destino, as\u00ed como los\u00a0informes de la Polic\u00eda Local y las posibles reclamaciones ciudadanas recibidas a trav\u00e9s del buz\u00f3n municipal\u00a0sobre el estado de estas pasarelas.<\/p>\n<p style=\"text-align: justify;\">\u201cNo estamos pidiendo nada extraordinario. Estamos pidiendo lo m\u00ednimo que merece esta ciudad: saber la verdad\u201d, ha subrayado Fern\u00e1ndez.<\/p>\n<h2 style=\"text-align: justify;\">Cr\u00edticas a la gesti\u00f3n municipal<\/h2>\n<p style=\"text-align: justify;\">Durante su intervenci\u00f3n, el portavoz socialista ha advertido adem\u00e1s de que Santander arrastra desde hace a\u00f1os un\u00a0problema estructural de mantenimiento urbano, algo que, a su juicio, se refleja en parques abandonados, instalaciones deterioradas e infraestructuras que pasan a\u00f1os sin revisarse.<\/p>\n<p style=\"text-align: justify;\">\u201cCuando una ciudad tiene un problema estructural de mantenimiento, eso tiene consecuencias. Y en El Bocal esas consecuencias han tenido la cara m\u00e1s cruel posible\u201d, ha afirmado.<\/p>\n<p style=\"text-align: justify;\">Fern\u00e1ndez tambi\u00e9n ha criticado que, tras la tragedia, la alcaldesa haya intentado trasladar responsabilidades a otras administraciones o incluso a una agente de la Polic\u00eda Local.<\/p>\n<p style=\"text-align: justify;\">\u201cUna agente es el \u00faltimo eslab\u00f3n de una cadena administrativa. Cuando falla una administraci\u00f3n no falla el \u00faltimo eslab\u00f3n, falla la cadena entera\u201d, ha se\u00f1alado.<\/p>\n<p style=\"text-align: justify;\">Asimismo, ha recordado que en\u00a0octubre de 2019 el Pleno del Ayuntamiento aprob\u00f3 por unanimidad una moci\u00f3n que advert\u00eda del deterioro y la falta de mantenimiento de la senda costera, pregunt\u00e1ndose si el Ayuntamiento actu\u00f3 tras aquella advertencia.<\/p>\n<h2 style=\"text-align: justify;\">Promoci\u00f3n tur\u00edstica de una infraestructura no finalizada<\/h2>\n<p style=\"text-align: justify;\">El portavoz socialista tambi\u00e9n ha se\u00f1alado la contradicci\u00f3n entre las declaraciones de la alcaldesa, que asegura ahora que la obra no estaba terminada, y el hecho de que esa misma senda se haya promocionado tur\u00edsticamente.<\/p>\n<p style=\"text-align: justify;\">\u201cSi la obra no estaba terminada, \u00bfpor qu\u00e9 se promocionaba en FITUR y en la web municipal? Si no estaba finalizada, \u00bfpor qu\u00e9 se invitaba a vecinos y turistas a recorrerla?\u201d, ha planteado.<\/p>\n<p style=\"text-align: justify;\">En su opini\u00f3n, si la infraestructura no estaba en condiciones de uso, el Ayuntamiento deber\u00eda haber\u00a0cerrado el acceso, se\u00f1alizado el peligro y evitar el tr\u00e1nsito de personas.<\/p>\n<p style=\"text-align: justify;\">\u201cMantener abierta una senda en esas condiciones no es prudencia, es irresponsabilidad\u201d, ha afirmado.<\/p>\n<h2 style=\"text-align: justify;\">Primero informaci\u00f3n, despu\u00e9s debate pol\u00edtico<\/h2>\n<p style=\"text-align: justify;\">En relaci\u00f3n con la propuesta de convocar un pleno extraordinario sobre este asunto, Fern\u00e1ndez ha mostrado respeto a la iniciativa planteada por otros grupos, aunque ha defendido que\u00a0antes es imprescindible disponer de toda la informaci\u00f3n.<\/p>\n<p style=\"text-align: justify;\">Por ello, ha se\u00f1alado que el Reglamento del Pleno contempla mecanismos, como el previsto en el art\u00edculo 82, que permitir\u00edan un debate m\u00e1s \u00fatil una vez conocidos los hechos y los informes t\u00e9cnicos.<\/p>\n<p style=\"text-align: justify;\">\u201cPrimero conocer qu\u00e9 ha ocurrido con toda la informaci\u00f3n encima de la mesa y despu\u00e9s abordar el debate pol\u00edtico y las responsabilidades que correspondan\u201d, ha indicado.<\/p>\n<h2 style=\"text-align: justify;\">\u201cSantander merece saber la verdad\u201d<\/h2>\n<p style=\"text-align: justify;\">Fern\u00e1ndez ha concluido su intervenci\u00f3n recordando que el PSOE respeta profundamente la investigaci\u00f3n judicial abierta, pero ha insistido en que la existencia de esa investigaci\u00f3n\u00a0no exime al Ayuntamiento de dar explicaciones pol\u00edticas.<\/p>\n<p style=\"text-align: justify;\">\u201cSomos oposici\u00f3n y nuestra obligaci\u00f3n es pedir explicaciones. Santander merece saber qu\u00e9 pas\u00f3, porqu\u00e9 pas\u00f3 y qu\u00e9 se va a hacer para que nunca vuelva a pasar\u201d, ha concluido.<\/p>\n","protected":false},"excerpt":{"rendered":"<p>El secretario general y portavoz del PSOE Santander, Daniel Fern\u00e1ndez, ha reclamado hoy \u201ctransparencia y explicaciones con documentos sobre la mesa\u201d tras la tragedia ocurrida el pasado martes en El Bocal, donde seis j\u00f3venes perdieron la vida tras el desprendimiento de una pasarela. Fern\u00e1ndez ha comenzado su intervenci\u00f3n trasladando el respeto, el dolor y la [&hellip;]<\/p>\n","protected":false},"author":12,"featured_media":11761,"comment_status":"open","ping_status":"closed","sticky":false,"template":"","format":"standard","meta":{"tdm_status":"","tdm_grid_status":"","footnotes":""},"categories":[20,55],"tags":[],"class_list":["post-11784","post","type-post","status-publish","format-standard","has-post-thumbnail","hentry","category-santander","category-arco-de-la-bahia"],"_links":{"self":[{"href":"https:\/\/www.psc-psoe.es\/index.php\/wp-json\/wp\/v2\/posts\/11784","targetHints":{"allow":["GET"]}}],"collection":[{"href":"https:\/\/www.psc-psoe.es\/index.php\/wp-json\/wp\/v2\/posts"}],"about":[{"href":"https:\/\/www.psc-psoe.es\/index.php\/wp-json\/wp\/v2\/types\/post"}],"author":[{"embeddable":true,"href":"https:\/\/www.psc-psoe.es\/index.php\/wp-json\/wp\/v2\/users\/12"}],"replies":[{"embeddable":true,"href":"https:\/\/www.psc-psoe.es\/index.php\/wp-json\/wp\/v2\/comments?post=11784"}],"version-history":[{"count":1,"href":"https:\/\/www.psc-psoe.es\/index.php\/wp-json\/wp\/v2\/posts\/11784\/revisions"}],"predecessor-version":[{"id":11786,"href":"https:\/\/www.psc-psoe.es\/index.php\/wp-json\/wp\/v2\/posts\/11784\/revisions\/11786"}],"wp:featuredmedia":[{"embeddable":true,"href":"https:\/\/www.psc-psoe.es\/index.php\/wp-json\/wp\/v2\/media\/11761"}],"wp:attachment":[{"href":"https:\/\/www.psc-psoe.es\/index.php\/wp-json\/wp\/v2\/media?parent=11784"}],"wp:term":[{"taxonomy":"category","embeddable":true,"href":"https:\/\/www.psc-psoe.es\/index.php\/wp-json\/wp\/v2\/categories?post=11784"},{"taxonomy":"post_tag","embeddable":true,"href":"https:\/\/www.psc-psoe.es\/index.php\/wp-json\/wp\/v2\/tags?post=11784"}],"curies":[{"name":"wp","href":"https:\/\/api.w.org\/{rel}","templated":true}]}}