{"id":11781,"date":"2026-03-11T17:07:54","date_gmt":"2026-03-11T16:07:54","guid":{"rendered":"https:\/\/www.psc-psoe.es\/?p=11781"},"modified":"2026-03-11T17:07:54","modified_gmt":"2026-03-11T16:07:54","slug":"el-psoe-pide-informes-y-comparecencias-antes-del-pleno-extraordinario-sobre-el-bocal","status":"publish","type":"post","link":"https:\/\/www.psc-psoe.es\/index.php\/2026\/03\/11\/el-psoe-pide-informes-y-comparecencias-antes-del-pleno-extraordinario-sobre-el-bocal\/","title":{"rendered":"El PSOE pide informes y comparecencias antes del Pleno extraordinario sobre El Bocal"},"content":{"rendered":"<div>\n<p dir=\"ltr\" style=\"text-align: justify;\">El PSOE de Santander ha registrado solicitudes de informaci\u00f3n y comparecencias en tres comisiones municipales distintas para esclarecer lo ocurrido en la senda litoral norte de El Bocal, tras la tragedia que ha conmocionado profundamente a la ciudad.<\/p>\n<p dir=\"ltr\" style=\"text-align: justify;\">\u201cLo que pedimos es incorporarnos oficialmente al \u00f3rgano de coordinaci\u00f3n para conocer toda la documentaci\u00f3n como representantes p\u00fablicos que somos\u201d, afirma Daniel Fern\u00e1ndez.<\/p>\n<p dir=\"ltr\" style=\"text-align: justify;\">Los socialistas han optado por dividir la petici\u00f3n por \u00e1reas municipales despu\u00e9s de que el resto de los grupos de la oposici\u00f3n no haya considerado necesario solicitar esta documentaci\u00f3n por la v\u00eda extraordinaria y urgente. Ante esta situaci\u00f3n, los socialistas han decidido utilizar los mecanismos ordinarios previstos en el Reglamento Org\u00e1nico del Pleno para exigir explicaciones formales al equipo de Gobierno.<\/p>\n<p dir=\"ltr\" style=\"text-align: justify;\">El secretario general y portavoz socialista, Daniel Fern\u00e1ndez, ha explicado que el objetivo es que el Partido Popular de Gema Igual, facilite toda la documentaci\u00f3n existente y que los responsables pol\u00edticos y t\u00e9cnicos comparezcan en comisi\u00f3n para informar con detalle de los pasos que se han seguido en relaci\u00f3n con la senda costera.<\/p>\n<p dir=\"ltr\" style=\"text-align: justify;\">\u201cPor responsabilidad, por coherencia y por seriedad institucional hemos solicitado los informes, la documentaci\u00f3n y las comparecencias que permiten los \u00f3rganos municipales. Santander merece conocer toda la verdad sobre lo ocurrido\u201d, ha se\u00f1alado.<\/p>\n<p dir=\"ltr\" style=\"text-align: justify;\">En concreto, el PSOE ha solicitado en la Comisi\u00f3n de Desarrollo Sostenible informes sobre el estado de conservaci\u00f3n y mantenimiento de la senda costera, la relaci\u00f3n de expedientes administrativos y actuaciones t\u00e9cnicas realizadas en los \u00faltimos a\u00f1os, los acuerdos municipales adoptados sobre su gesti\u00f3n y las comunicaciones remitidas a la Demarcaci\u00f3n de Costas. Adem\u00e1s, los socialistas han pedido un informe espec\u00edfico\u00a0 sobre las actuaciones realizadas en el puente de la zona de El Bocal que se desplom\u00f3 el pasado 3 de marzo.\u00a0 \ufffc<\/p>\n<p dir=\"ltr\" style=\"text-align: justify;\">En la Comisi\u00f3n de Innovaci\u00f3n, Turismo, Comercio y Dinamizaci\u00f3n, los socialistas han reclamado informaci\u00f3n sobre la promoci\u00f3n tur\u00edstica que se realizaba de la senda costera, incluyendo los informes de la Oficina Municipal de Turismo, de la Concejal\u00eda de Turismo y de la Empresa Municipal de Turismo sobre la informaci\u00f3n, publicidad o recomendaciones que se ofrec\u00edan a visitantes y turistas para recorrer este itinerario.\u00a0 \ufffc<\/p>\n<p dir=\"ltr\" style=\"text-align: justify;\">Por su parte, en la Comisi\u00f3n de Administraci\u00f3n, Buen Gobierno y Participaci\u00f3n Ciudadana, los socialistas han solicitado los informes de la Polic\u00eda Local sobre avisos, incidencias y comunicaciones ciudadanas registradas en relaci\u00f3n con la senda costera, as\u00ed como el n\u00famero de avisos recibidos a trav\u00e9s del buz\u00f3n ciudadano de la web municipal y las respuestas que se dieron desde el Ayuntamiento.\u00a0 \ufffc<\/p>\n<p dir=\"ltr\" style=\"text-align: justify;\">Adem\u00e1s, el PSOE ha pedido la comparecencia del jefe de la Polic\u00eda Local y del responsable del centro de coordinaci\u00f3n de llamadas de este cuerpo para explicar las incidencias registradas y las actuaciones realizadas en relaci\u00f3n con el puente que se desplom\u00f3.<\/p>\n<p dir=\"ltr\" style=\"text-align: justify;\">En paralelo, Daniel Fen\u00e1ndez ha confirmado que el PSOE suscribe la solicitud de pleno extraordinario planteada por otros grupos de la oposici\u00f3n, que tratar\u00e1 exclusivamente sobre la tragedia de El Bocal. No obstante, ha insistido en que ese debate debe celebrarse con toda la informaci\u00f3n disponible sobre la mesa.<\/p>\n<p dir=\"ltr\" style=\"text-align: justify;\">\u201cQueremos acudir a ese pleno con datos, con informes y con explicaciones oficiales del Ayuntamiento. No tiene ning\u00fan sentido celebrar un debate de esta magnitud sin que previamente los responsables pol\u00edticos y t\u00e9cnicos hayan informado en las comisiones municipales\u201d, ha afirmado.<\/p>\n<p dir=\"ltr\" style=\"text-align: justify;\">Fern\u00e1ndez ha criticado con dureza la gesti\u00f3n de la informaci\u00f3n por parte de la alcaldesa, Gema Igual, a la que acusa de mantener a la oposici\u00f3n y a la ciudadan\u00eda sin informaci\u00f3n oficial m\u00e1s de una semana despu\u00e9s de lo ocurrido.<\/p>\n<p dir=\"ltr\" style=\"text-align: justify;\">\u201cHan pasado d\u00edas desde la tragedia y seguimos sin informes, sin expedientes y sin comparecencias en los \u00f3rganos municipales. Lo \u00fanico que hemos escuchado hasta ahora son declaraciones en ruedas de prensa. Pero ni una sola explicaci\u00f3n formal en el Ayuntamiento\u201d, ha denunciado.<\/p>\n<p dir=\"ltr\" style=\"text-align: justify;\">Para el portavoz socialista, la gravedad de lo sucedido exige \u201ctransparencia absoluta\u201d y una respuesta institucional a la altura de la situaci\u00f3n.<\/p>\n<p dir=\"ltr\" style=\"text-align: justify;\">\u201cSantander merece saber qu\u00e9 pas\u00f3, porqu\u00e9 pas\u00f3 y qu\u00e9 decisiones se tomaron antes de que ocurriera esta tragedia. Y eso solo se consigue con informaci\u00f3n, transparencia y responsabilidad pol\u00edtica\u201d, ha concluido Fern\u00e1ndez.<\/p>\n<p><span style=\"color: #888888;\"><br \/>\n<\/span><\/div>\n<div style=\"text-align: justify;\"><\/div>\n","protected":false},"excerpt":{"rendered":"<p>El PSOE de Santander ha registrado solicitudes de informaci\u00f3n y comparecencias en tres comisiones municipales distintas para esclarecer lo ocurrido en la senda litoral norte de El Bocal, tras la tragedia que ha conmocionado profundamente a la ciudad. \u201cLo que pedimos es incorporarnos oficialmente al \u00f3rgano de coordinaci\u00f3n para conocer toda la documentaci\u00f3n como representantes [&hellip;]<\/p>\n","protected":false},"author":12,"featured_media":11782,"comment_status":"open","ping_status":"closed","sticky":false,"template":"","format":"standard","meta":{"tdm_status":"","tdm_grid_status":"","footnotes":""},"categories":[20,55],"tags":[],"class_list":["post-11781","post","type-post","status-publish","format-standard","has-post-thumbnail","hentry","category-santander","category-arco-de-la-bahia"],"_links":{"self":[{"href":"https:\/\/www.psc-psoe.es\/index.php\/wp-json\/wp\/v2\/posts\/11781","targetHints":{"allow":["GET"]}}],"collection":[{"href":"https:\/\/www.psc-psoe.es\/index.php\/wp-json\/wp\/v2\/posts"}],"about":[{"href":"https:\/\/www.psc-psoe.es\/index.php\/wp-json\/wp\/v2\/types\/post"}],"author":[{"embeddable":true,"href":"https:\/\/www.psc-psoe.es\/index.php\/wp-json\/wp\/v2\/users\/12"}],"replies":[{"embeddable":true,"href":"https:\/\/www.psc-psoe.es\/index.php\/wp-json\/wp\/v2\/comments?post=11781"}],"version-history":[{"count":1,"href":"https:\/\/www.psc-psoe.es\/index.php\/wp-json\/wp\/v2\/posts\/11781\/revisions"}],"predecessor-version":[{"id":11783,"href":"https:\/\/www.psc-psoe.es\/index.php\/wp-json\/wp\/v2\/posts\/11781\/revisions\/11783"}],"wp:featuredmedia":[{"embeddable":true,"href":"https:\/\/www.psc-psoe.es\/index.php\/wp-json\/wp\/v2\/media\/11782"}],"wp:attachment":[{"href":"https:\/\/www.psc-psoe.es\/index.php\/wp-json\/wp\/v2\/media?parent=11781"}],"wp:term":[{"taxonomy":"category","embeddable":true,"href":"https:\/\/www.psc-psoe.es\/index.php\/wp-json\/wp\/v2\/categories?post=11781"},{"taxonomy":"post_tag","embeddable":true,"href":"https:\/\/www.psc-psoe.es\/index.php\/wp-json\/wp\/v2\/tags?post=11781"}],"curies":[{"name":"wp","href":"https:\/\/api.w.org\/{rel}","templated":true}]}}