{"id":11778,"date":"2026-03-07T10:53:44","date_gmt":"2026-03-07T09:53:44","guid":{"rendered":"https:\/\/www.psc-psoe.es\/?p=11778"},"modified":"2026-03-07T10:53:44","modified_gmt":"2026-03-07T09:53:44","slug":"el-psoe-propondra-al-pleno-impulsar-un-plan-de-salud-con-perspectiva-de-genero","status":"publish","type":"post","link":"https:\/\/www.psc-psoe.es\/index.php\/2026\/03\/07\/el-psoe-propondra-al-pleno-impulsar-un-plan-de-salud-con-perspectiva-de-genero\/","title":{"rendered":"El PSOE propondr\u00e1 al Pleno impulsar un plan de salud con perspectiva de g\u00e9nero"},"content":{"rendered":"<p style=\"font-weight: 400; text-align: justify;\">El portavoz del Grupo Parlamentario del PSOE, Mario Iglesias, ha avanzado que los socialistas propondr\u00e1n este pr\u00f3ximo lunes, 9 de marzo, al Pleno impulsar un plan de salud con perspectiva de g\u00e9nero para eliminar \u201cdesigualdades reales\u201d que existen en el sistema sanitarios.<\/p>\n<p style=\"font-weight: 400; text-align: justify;\">\u201cSe trata de corregir desigualdades con medidas concretas\u201d, ha se\u00f1alado Iglesias en un comunicado en el que ha detallado que la proposici\u00f3n no de ley del PSOE plantea, adem\u00e1s de ese plan, formaci\u00f3n para el personal sanitario para detectar sesgos de g\u00e9nero en atenci\u00f3n e investigaci\u00f3n sanitaria, as\u00ed como la recopilaci\u00f3n de datos para determinar los avances.<\/p>\n<p style=\"font-weight: 400; text-align: justify;\">Y es que, pese a estar en pleno siglo XXI, a\u00fan \u201cse invisibilizan dolencias de las mujeres\u201d y, como ejemplo, el portavoz socialista se ha referido a los s\u00edntomas de un infarto que la mayor\u00eda identifica con dolor intenso en el pecho que irradia al brazo izquierdo, sudor fr\u00edo y opresi\u00f3n, pero la mayor parte de las mujeres presentan otros s\u00edntomas.<\/p>\n<p style=\"font-weight: 400; text-align: justify;\">\u201cEl conocimiento incompleto provoca que a veces las mujeres reciban diagn\u00f3sticos m\u00e1s tard\u00edos, peor atenci\u00f3n y mayor medicalizaci\u00f3n\u201d, ha advertido el socialista que, por ello, ha considerado necesario impulsar este plan de salud con perspectiva de g\u00e9nero.<\/p>\n<p style=\"font-weight: 400; text-align: justify;\">Desde el PSOE se llevar\u00e1 a la sesi\u00f3n una moci\u00f3n para instar al Gobierno de Cantabria a tomar medidas para que los resultados de las biopsias con resultado sospechoso de c\u00e1ncer se informen a los pacientes en menos de 15 d\u00edas.<\/p>\n<p style=\"font-weight: 400; text-align: justify;\">Por otro lado, los socialistas interpelar\u00e1n al Gobierno sobre el ERE en la planta de Solvay en Barreda y por las obras de la carretera CA-500 entre el Alto de Laredo y Se\u00f1a.<\/p>\n<p style=\"font-weight: 400; text-align: justify;\">Sobre el ERE de Solvay, Iglesias ha se\u00f1alado que \u201cest\u00e1 en juego el futuro de toda la comarca del Besaya\u201d adem\u00e1s de los trabajadores y sus familias, por lo que desde el PSOE \u201creclamaremos al Gobierno auton\u00f3mico que, como m\u00e1xima autoridad laboral, explique la situaci\u00f3n, facilite soluciones y acompa\u00f1e a los trabajadores\u201d.<\/p>\n<p style=\"font-weight: 400; text-align: justify;\">En cuanto a la carretera del Alto de Laredo a Se\u00f1a, los socialistas preguntar\u00e1n por qu\u00e9 se ha pasado el plazo y no est\u00e1 finalizada. \u201cCuando un Gobierno incumple un plazo, lo responsable es explicarlo. No hacer propaganda, sino dar respuestas. Eso es justo lo que pedimos: claridad y garant\u00edas\u201d, ha dicho Iglesias.<\/p>\n<p style=\"font-weight: 400; text-align: justify;\">Para concluir, desde el PSOE preguntar\u00e1n por el conflicto laboral del servicio de limpieza del Hospital Universitario Marqu\u00e9s de Valdecilla y sobre si el Gobierno tiene previsto seguir adelante con la modificaci\u00f3n de la orden que regula la provisi\u00f3n de empleo docente interino.<\/p>\n","protected":false},"excerpt":{"rendered":"<p>El portavoz del Grupo Parlamentario del PSOE, Mario Iglesias, ha avanzado que los socialistas propondr\u00e1n este pr\u00f3ximo lunes, 9 de marzo, al Pleno impulsar un plan de salud con perspectiva de g\u00e9nero para eliminar \u201cdesigualdades reales\u201d que existen en el sistema sanitarios. \u201cSe trata de corregir desigualdades con medidas concretas\u201d, ha se\u00f1alado Iglesias en un [&hellip;]<\/p>\n","protected":false},"author":12,"featured_media":11779,"comment_status":"open","ping_status":"closed","sticky":false,"template":"","format":"standard","meta":{"tdm_status":"","tdm_grid_status":"","footnotes":""},"categories":[14,24,25],"tags":[],"class_list":["post-11778","post","type-post","status-publish","format-standard","has-post-thumbnail","hentry","category-notas-de-prensa","category-partido","category-actualidad"],"_links":{"self":[{"href":"https:\/\/www.psc-psoe.es\/index.php\/wp-json\/wp\/v2\/posts\/11778","targetHints":{"allow":["GET"]}}],"collection":[{"href":"https:\/\/www.psc-psoe.es\/index.php\/wp-json\/wp\/v2\/posts"}],"about":[{"href":"https:\/\/www.psc-psoe.es\/index.php\/wp-json\/wp\/v2\/types\/post"}],"author":[{"embeddable":true,"href":"https:\/\/www.psc-psoe.es\/index.php\/wp-json\/wp\/v2\/users\/12"}],"replies":[{"embeddable":true,"href":"https:\/\/www.psc-psoe.es\/index.php\/wp-json\/wp\/v2\/comments?post=11778"}],"version-history":[{"count":1,"href":"https:\/\/www.psc-psoe.es\/index.php\/wp-json\/wp\/v2\/posts\/11778\/revisions"}],"predecessor-version":[{"id":11780,"href":"https:\/\/www.psc-psoe.es\/index.php\/wp-json\/wp\/v2\/posts\/11778\/revisions\/11780"}],"wp:featuredmedia":[{"embeddable":true,"href":"https:\/\/www.psc-psoe.es\/index.php\/wp-json\/wp\/v2\/media\/11779"}],"wp:attachment":[{"href":"https:\/\/www.psc-psoe.es\/index.php\/wp-json\/wp\/v2\/media?parent=11778"}],"wp:term":[{"taxonomy":"category","embeddable":true,"href":"https:\/\/www.psc-psoe.es\/index.php\/wp-json\/wp\/v2\/categories?post=11778"},{"taxonomy":"post_tag","embeddable":true,"href":"https:\/\/www.psc-psoe.es\/index.php\/wp-json\/wp\/v2\/tags?post=11778"}],"curies":[{"name":"wp","href":"https:\/\/api.w.org\/{rel}","templated":true}]}}