{"id":11770,"date":"2026-03-06T12:58:22","date_gmt":"2026-03-06T11:58:22","guid":{"rendered":"https:\/\/www.psc-psoe.es\/?p=11770"},"modified":"2026-03-06T12:58:22","modified_gmt":"2026-03-06T11:58:22","slug":"el-psoe-asegura-que-el-acuerdo-presupuestario-entre-el-pp-y-prc-es-un-nuevo-cheque-en-blanco-para-seguir-desmantelando-los-servicios-publicos","status":"publish","type":"post","link":"https:\/\/www.psc-psoe.es\/index.php\/2026\/03\/06\/el-psoe-asegura-que-el-acuerdo-presupuestario-entre-el-pp-y-prc-es-un-nuevo-cheque-en-blanco-para-seguir-desmantelando-los-servicios-publicos\/","title":{"rendered":"El PSOE asegura que el acuerdo presupuestario entre el PP y PRC \u201ces un nuevo cheque en blanco para seguir desmantelando los servicios p\u00fablicos\u201d"},"content":{"rendered":"<p style=\"font-weight: 400; text-align: justify;\">El PSOE de Cantabria ha afirmado que el acuerdo presupuestario entre el PP y el PRC \u201ces un nuevo cheque en blanco para deteriorar, desmantelar y recortar los servicios p\u00fablicos\u201d.<\/p>\n<p style=\"font-weight: 400; text-align: justify;\">As\u00ed lo ha expresado la portavoz de la Comisi\u00f3n Ejecutiva Auton\u00f3mica del PSOE de Cantabria, Ainoa Qui\u00f1ones.<\/p>\n<p style=\"font-weight: 400; text-align: justify;\">\u201cEste acuerdo se ve\u00eda venir desde el inicio del curso pol\u00edtico, en septiembre, lo que no han explicado ninguna de las partes es porque nos han hecho perder siete meses a todos los c\u00e1ntabros y c\u00e1ntabras para acabar haciendo lo que iban a hacer desde el principio\u201d, ha reprochado.<\/p>\n<p style=\"font-weight: 400; text-align: justify;\">Para Qui\u00f1ones, \u201cesto es s\u00edntoma de las propias debilidades e incoherencias de los liderazgos del PP y del PRC, unos que no saben gobernar ni gestionar y otros que no tienen rumbo claro\u201d.<\/p>\n<p style=\"font-weight: 400; text-align: justify;\">Qui\u00f1ones ha asegurado que \u201clo \u00fanico que garantiza este acuerdo es que somos la \u00fanica oposici\u00f3n real y lo m\u00e1s importante, la \u00fanica alternativa al gobierno del PP en mayo de 2027\u201d.<\/p>\n<p style=\"font-weight: 400; text-align: justify;\">\u201cCantabria vive tres a\u00f1os de retrocesos que sufrimos todos, con un PP que pacta con la extrema derecha de VOX las leyes m\u00e1s reaccionarias que recortan nuestros derechos, y con el PRC los presupuestos para hacer lo que quieran con el dinero de todos los c\u00e1ntabros\u201d, ha refrendado.<\/p>\n<p style=\"font-weight: 400; text-align: justify;\">\u201cEl PRC con este tercer acuerdo de la legislatura, despu\u00e9s de no haber cumplido ninguno de los dos acuerdos presupuestarios anteriores, lo que hace es dar ese cheque en blanco para hacer lo \u00fanico que saben hacer el PP: desmantelar y recortar los servicios p\u00fablicos\u201d, ha denunciado.<\/p>\n<p style=\"font-weight: 400; text-align: justify;\">Para la portavoz socialista, \u201ces incoherente criticar los recortes en sanidad y educaci\u00f3n que estamos sufriendo, criticar que durante dos a\u00f1os no se ha cumplido ninguno de los acuerdos, y volver a dar a Buruaga un cheque en blanco\u201d.<\/p>\n<p style=\"font-weight: 400; text-align: justify;\">\u201cPero esa es la responsabilidad del PRC, la del PSOE es trabajar y defender los derechos de los trabajadores y la calidad y fortaleza de los servicios p\u00fablicos.<\/p>\n<p style=\"font-weight: 400; text-align: justify;\">En este sentido, Qui\u00f1ones ha se\u00f1alado que \u201clo \u00fanico que est\u00e1 claro es que no hay ninguna garant\u00eda de que el PP cumpla su acuerdo con el PRC. En pol\u00edtica a la tercera no va la vencida\u201d.<\/p>\n<p style=\"font-weight: 400; text-align: justify;\">Adem\u00e1s, la portavoz de los socialistas c\u00e1ntabros ha afirmado que los socialistas c\u00e1ntabros van a continuar haciendo \u201cuna oposici\u00f3n constructiva con propuestas, a pie de calle y fiscalizadora de todos los recortes\u201d.<\/p>\n<p style=\"font-weight: 400; text-align: justify;\">\u201cJam\u00e1s habr\u00edamos aprobado un presupuesto que pone la sanidad p\u00fablica en la diana, recortando los recursos p\u00fablicos para fortalecer el Servicio C\u00e1ntabro de Salud mientras se destinan 256 millones de euros en un mega contrato con el hospital privado de Santa Clotilde, en el que privatizan los cribados de c\u00e1ncer de colon y de mama\u201d.<\/p>\n<p style=\"font-weight: 400; text-align: justify;\">Por \u00faltimo, Ainoa Qui\u00f1ones ha se\u00f1alado que la fecha escogida \u201ctampoco parece la m\u00e1s apropiada, al d\u00eda siguiente de dos d\u00edas de luto. Si pod\u00edan esperar siete meses, tambi\u00e9n se pod\u00edan esperar unos d\u00edas m\u00e1s. Se traslada una imagen deshumanizadora de la pol\u00edtica\u201d.<\/p>\n","protected":false},"excerpt":{"rendered":"<p>El PSOE de Cantabria ha afirmado que el acuerdo presupuestario entre el PP y el PRC \u201ces un nuevo cheque en blanco para deteriorar, desmantelar y recortar los servicios p\u00fablicos\u201d. As\u00ed lo ha expresado la portavoz de la Comisi\u00f3n Ejecutiva Auton\u00f3mica del PSOE de Cantabria, Ainoa Qui\u00f1ones. \u201cEste acuerdo se ve\u00eda venir desde el inicio [&hellip;]<\/p>\n","protected":false},"author":12,"featured_media":11771,"comment_status":"open","ping_status":"closed","sticky":false,"template":"","format":"standard","meta":{"tdm_status":"","tdm_grid_status":"","footnotes":""},"categories":[14,24,25],"tags":[],"class_list":["post-11770","post","type-post","status-publish","format-standard","has-post-thumbnail","hentry","category-notas-de-prensa","category-partido","category-actualidad"],"_links":{"self":[{"href":"https:\/\/www.psc-psoe.es\/index.php\/wp-json\/wp\/v2\/posts\/11770","targetHints":{"allow":["GET"]}}],"collection":[{"href":"https:\/\/www.psc-psoe.es\/index.php\/wp-json\/wp\/v2\/posts"}],"about":[{"href":"https:\/\/www.psc-psoe.es\/index.php\/wp-json\/wp\/v2\/types\/post"}],"author":[{"embeddable":true,"href":"https:\/\/www.psc-psoe.es\/index.php\/wp-json\/wp\/v2\/users\/12"}],"replies":[{"embeddable":true,"href":"https:\/\/www.psc-psoe.es\/index.php\/wp-json\/wp\/v2\/comments?post=11770"}],"version-history":[{"count":1,"href":"https:\/\/www.psc-psoe.es\/index.php\/wp-json\/wp\/v2\/posts\/11770\/revisions"}],"predecessor-version":[{"id":11772,"href":"https:\/\/www.psc-psoe.es\/index.php\/wp-json\/wp\/v2\/posts\/11770\/revisions\/11772"}],"wp:featuredmedia":[{"embeddable":true,"href":"https:\/\/www.psc-psoe.es\/index.php\/wp-json\/wp\/v2\/media\/11771"}],"wp:attachment":[{"href":"https:\/\/www.psc-psoe.es\/index.php\/wp-json\/wp\/v2\/media?parent=11770"}],"wp:term":[{"taxonomy":"category","embeddable":true,"href":"https:\/\/www.psc-psoe.es\/index.php\/wp-json\/wp\/v2\/categories?post=11770"},{"taxonomy":"post_tag","embeddable":true,"href":"https:\/\/www.psc-psoe.es\/index.php\/wp-json\/wp\/v2\/tags?post=11770"}],"curies":[{"name":"wp","href":"https:\/\/api.w.org\/{rel}","templated":true}]}}