{"id":1162,"date":"2018-01-11T12:06:36","date_gmt":"2018-01-11T11:06:36","guid":{"rendered":"http:\/\/psc-psoe.es\/?p=1162"},"modified":"2019-01-03T12:07:37","modified_gmt":"2019-01-03T11:07:37","slug":"el-psoe-organiza-una-jornada-sobre-memoria-historica","status":"publish","type":"post","link":"https:\/\/www.psc-psoe.es\/index.php\/2018\/01\/11\/el-psoe-organiza-una-jornada-sobre-memoria-historica\/","title":{"rendered":"El PSOE organiza una jornada sobre Memoria Hist\u00f3rica"},"content":{"rendered":"<p>El secretario general del PSOE de Cantabria, Pablo Zuloaga, analizar\u00e1 los retos en materia de Memoria Hist\u00f3rica el pr\u00f3ximo s\u00e1bado, 13 de enero, en una jornada en la que se abordar\u00e1 la situaci\u00f3n actual de la legislaci\u00f3n y los objetivos del PSOE en esta legislatura y en el futuro.<\/p>\n<p>Zuloaga estar\u00e1 acompa\u00f1ado por Andr\u00e9s Perell\u00f3, secretario de Memoria Hist\u00f3rica, Justicia y Nuevos Derechos de la Comisi\u00f3n Ejecutiva Federal del PSOE, en un acto en la Biblioteca Central de Santander, \u201clugar de recuerdo a las v\u00edctimas de la represi\u00f3n por todo lo que significa\u201d, organizado por el Grupo de Memoria Hist\u00f3rica del PSOE.<\/p>\n<p>La jornada tiene como finalidad dar voz a la dignidad y la memoria de todas las personas que sufrieron la represi\u00f3n franquista\u201d y avanzar en la exposici\u00f3n del borrador de Ley de Memoria Hist\u00f3rica en la que el Gobierno de Cantabria est\u00e1 trabajando, \u201cy a la que el PSOE da prioridad absoluta\u201d.<\/p>\n<p>\u201cQueremos que antes de que acabe la legislatura Cantabria cuente con una Ley de Memoria Hist\u00f3rica para dotar a nuestra regi\u00f3n de los instrumentos necesarios para cumplir con los principios de verdad, justicia, reparaci\u00f3n a las v\u00edctimas y garant\u00edas de no repetici\u00f3n, como establecen las Naciones Unidas\u201d asegura la secretaria de Organizaci\u00f3n, Noelia Cobo.<\/p>\n<p>Para ello, la n\u00famero dos del PSOE explica que el Gobierno de Cantabria y el PSOE \u201cest\u00e1n trabajando de la mano\u201d para lograr \u201cuna ley que represente a las v\u00edctimas\u201d, para lo cual tambi\u00e9n est\u00e1n trabajando con las asociaciones memorialistas y los familiares de las v\u00edctimas \u201ccon el fin de que el borrador de la ley recoja el sentir de libertad y democracia por el que tanto lucharon todas aquellas personas que sufrieron la represi\u00f3n franquista\u201d.<\/p>\n<p>Asimismo, Cobo explica que la inauguraci\u00f3n de la jornada ser\u00e1 a las 16.00h en la Biblioteca Central de Santander, a cargo de Francisco Fern\u00e1ndez Ma\u00f1anes, consejero de Educaci\u00f3n, Cultura y Deporte. Posteriormente, el escritor y periodista Isidro C\u00edcero abordar\u00e1 el tema \u201cRepresi\u00f3n franquista: La Tabacalera, Prisi\u00f3n Central\u201d.<\/p>\n<p>Acto seguido, a las 16.45h, tendr\u00e1 lugar una mesa redonda con la participaci\u00f3n de todas las asociaciones memorialistas, moderada por Emilia Calleja, secretaria de Cultura y Memoria Hist\u00f3rica del PSOE de Santander.<\/p>\n<p>Tras la pausa, Andr\u00e9s Perell\u00f3, secretario de Memoria Hist\u00f3rica, Justicia y Nuevos Derechos de la Comisi\u00f3n Ejecutiva Federal del PSOE abordar\u00e1 la situaci\u00f3n actual de la legislaci\u00f3n en esta materia en una charla moderada por Mario Iglesias, secretario de Memoria Hist\u00f3rica del PSOE de Cantabria, titulada \u201cPasado, presente y futuro de la Memoria Hist\u00f3rica\u201d, antes de la clausura de la jornada, a las 19.30h, a cargo del secretario general del PSOE de Cantabria. <\/p>\n","protected":false},"excerpt":{"rendered":"<p>El secretario general del PSOE de Cantabria, Pablo Zuloaga, analizar\u00e1 los retos en materia de Memoria Hist\u00f3rica el pr\u00f3ximo s\u00e1bado, 13 de enero, en una jornada en la que se abordar\u00e1 la situaci\u00f3n actual de la legislaci\u00f3n y los objetivos del PSOE en esta legislatura y en el futuro. Zuloaga estar\u00e1 acompa\u00f1ado por Andr\u00e9s Perell\u00f3, [&hellip;]<\/p>\n","protected":false},"author":2,"featured_media":802,"comment_status":"open","ping_status":"open","sticky":false,"template":"","format":"standard","meta":{"tdm_status":"","tdm_grid_status":"","footnotes":""},"categories":[24,1],"tags":[],"class_list":["post-1162","post","type-post","status-publish","format-standard","has-post-thumbnail","hentry","category-partido","category-uncategorized"],"_links":{"self":[{"href":"https:\/\/www.psc-psoe.es\/index.php\/wp-json\/wp\/v2\/posts\/1162","targetHints":{"allow":["GET"]}}],"collection":[{"href":"https:\/\/www.psc-psoe.es\/index.php\/wp-json\/wp\/v2\/posts"}],"about":[{"href":"https:\/\/www.psc-psoe.es\/index.php\/wp-json\/wp\/v2\/types\/post"}],"author":[{"embeddable":true,"href":"https:\/\/www.psc-psoe.es\/index.php\/wp-json\/wp\/v2\/users\/2"}],"replies":[{"embeddable":true,"href":"https:\/\/www.psc-psoe.es\/index.php\/wp-json\/wp\/v2\/comments?post=1162"}],"version-history":[{"count":0,"href":"https:\/\/www.psc-psoe.es\/index.php\/wp-json\/wp\/v2\/posts\/1162\/revisions"}],"wp:featuredmedia":[{"embeddable":true,"href":"https:\/\/www.psc-psoe.es\/index.php\/wp-json\/wp\/v2\/media\/802"}],"wp:attachment":[{"href":"https:\/\/www.psc-psoe.es\/index.php\/wp-json\/wp\/v2\/media?parent=1162"}],"wp:term":[{"taxonomy":"category","embeddable":true,"href":"https:\/\/www.psc-psoe.es\/index.php\/wp-json\/wp\/v2\/categories?post=1162"},{"taxonomy":"post_tag","embeddable":true,"href":"https:\/\/www.psc-psoe.es\/index.php\/wp-json\/wp\/v2\/tags?post=1162"}],"curies":[{"name":"wp","href":"https:\/\/api.w.org\/{rel}","templated":true}]}}