{"id":11578,"date":"2026-01-20T16:24:52","date_gmt":"2026-01-20T15:24:52","guid":{"rendered":"https:\/\/www.psc-psoe.es\/?p=11578"},"modified":"2026-01-20T16:24:52","modified_gmt":"2026-01-20T15:24:52","slug":"el-psoe-de-polanco-propone-un-homenaje-permanente-a-los-fundadores-de-proteccion-civil","status":"publish","type":"post","link":"https:\/\/www.psc-psoe.es\/index.php\/2026\/01\/20\/el-psoe-de-polanco-propone-un-homenaje-permanente-a-los-fundadores-de-proteccion-civil\/","title":{"rendered":"El PSOE de Polanco propone un homenaje permanente a los fundadores de Protecci\u00f3n Civil"},"content":{"rendered":"<p style=\"font-weight: 400; text-align: justify;\">El PSOE de Polanco solicitar\u00e1 en el pr\u00f3ximo Pleno para que el Ayuntamiento rinda un homenaje a Mariano Antonio Guti\u00e9rrez Crespo y Alberto Guti\u00e9rrez Fuentevilla, dos vecinos que fueron fundamentales en la creaci\u00f3n y consolidaci\u00f3n de la Agrupaci\u00f3n de Protecci\u00f3n Civil en el municipio.<\/p>\n<p style=\"font-weight: 400; text-align: justify;\">Los socialistas polanquinos han registrado la propuesta el pasado 7 de enero, que ser\u00e1 planteada en el pr\u00f3ximo Pleno Municipal a modo de ruego.<\/p>\n<p style=\"font-weight: 400; text-align: justify;\">El secretario general del PSOE de Polanco, Rub\u00e9n Garc\u00eda, ha se\u00f1alado que la propuesta que han planteado los socialistas es la colocaci\u00f3n de una placa conmemorativa en la sede de Protecci\u00f3n Civil, as\u00ed como la organizaci\u00f3n de un acto de reconocimiento en el que puedan participar las familias, los voluntarios y la ciudadan\u00eda.<\/p>\n<p style=\"font-weight: 400; text-align: justify;\">\u201cDesde la Agrupaci\u00f3n Socialista de Polanco queremos abordar esta iniciativa desde la honestidad, el respeto y el agradecimiento, alej\u00e1ndola de cualquier enfoque partidista\u201d, ha destacado.<\/p>\n<p style=\"font-weight: 400; text-align: justify;\">\u201cNos hemos puesto en contacto con las familias de ambas personas, traslad\u00e1ndoles esta propuesta y recabando su parecer, con el objetivo de que el homenaje se desarrolle con la sensibilidad y el consenso que merece\u201d, ha expresado el secretario general de los socialistas de Polanco, Rub\u00e9n Garc\u00eda.<\/p>\n<p style=\"font-weight: 400; text-align: justify;\">Garc\u00eda ha explicado que Mariano Antonio Guti\u00e9rrez Crespo, vecino de Requejada, fue cofundador de la Agrupaci\u00f3n y asumi\u00f3 la presidencia tras la primera etapa impulsada por su antecesor. \u201cContaba con una amplia trayectoria previa en Cruz Roja y Protecci\u00f3n Civil de Torrelavega y durante tres d\u00e9cadas desarroll\u00f3 una labor altruista al servicio del municipio, participando en dispositivos de emergencia, eventos, procesos electorales y situaciones excepcionales como la pandemia. Falleci\u00f3 el 31 de diciembre de 2025 a los 73 a\u00f1os\u201d, ha expresado.<\/p>\n<p style=\"font-weight: 400; text-align: justify;\">Por su parte, de Alberto Guti\u00e9rrez Fuentevilla, vecino de Rinconeda, ha se\u00f1alado que fue el fundador y primer presidente de Protecci\u00f3n Civil en Polanco, adem\u00e1s de contramaestre y jefe de bomberos en Solvay. \u201cSu impulso inicial permiti\u00f3 poner en marcha un servicio que hoy es un pilar esencial para la seguridad y la atenci\u00f3n a la ciudadan\u00eda. Falleci\u00f3 en 2012 a los 63 a\u00f1os, sin haber recibido hasta ahora un reconocimiento institucional\u201d, ha dicho.<\/p>\n<p style=\"font-weight: 400; text-align: justify;\">Por \u00faltimo, el secretario general del PSOE de Polanco, Rub\u00e9n Garc\u00eda, ha subrayado que el objetivo de esta propuesta es reconocer p\u00fablicamente una vida de servicio desinteresado, preservar la memoria colectiva del municipio y rendir tambi\u00e9n homenaje al conjunto de voluntarios y voluntarias que han formado parte de Protecci\u00f3n Civil a lo largo de los a\u00f1os.<\/p>\n","protected":false},"excerpt":{"rendered":"<p>El PSOE de Polanco solicitar\u00e1 en el pr\u00f3ximo Pleno para que el Ayuntamiento rinda un homenaje a Mariano Antonio Guti\u00e9rrez Crespo y Alberto Guti\u00e9rrez Fuentevilla, dos vecinos que fueron fundamentales en la creaci\u00f3n y consolidaci\u00f3n de la Agrupaci\u00f3n de Protecci\u00f3n Civil en el municipio. Los socialistas polanquinos han registrado la propuesta el pasado 7 de [&hellip;]<\/p>\n","protected":false},"author":12,"featured_media":11113,"comment_status":"open","ping_status":"closed","sticky":false,"template":"","format":"standard","meta":{"tdm_status":"","tdm_grid_status":"","footnotes":""},"categories":[33],"tags":[],"class_list":["post-11578","post","type-post","status-publish","format-standard","has-post-thumbnail","hentry","category-besaya"],"_links":{"self":[{"href":"https:\/\/www.psc-psoe.es\/index.php\/wp-json\/wp\/v2\/posts\/11578","targetHints":{"allow":["GET"]}}],"collection":[{"href":"https:\/\/www.psc-psoe.es\/index.php\/wp-json\/wp\/v2\/posts"}],"about":[{"href":"https:\/\/www.psc-psoe.es\/index.php\/wp-json\/wp\/v2\/types\/post"}],"author":[{"embeddable":true,"href":"https:\/\/www.psc-psoe.es\/index.php\/wp-json\/wp\/v2\/users\/12"}],"replies":[{"embeddable":true,"href":"https:\/\/www.psc-psoe.es\/index.php\/wp-json\/wp\/v2\/comments?post=11578"}],"version-history":[{"count":1,"href":"https:\/\/www.psc-psoe.es\/index.php\/wp-json\/wp\/v2\/posts\/11578\/revisions"}],"predecessor-version":[{"id":11579,"href":"https:\/\/www.psc-psoe.es\/index.php\/wp-json\/wp\/v2\/posts\/11578\/revisions\/11579"}],"wp:featuredmedia":[{"embeddable":true,"href":"https:\/\/www.psc-psoe.es\/index.php\/wp-json\/wp\/v2\/media\/11113"}],"wp:attachment":[{"href":"https:\/\/www.psc-psoe.es\/index.php\/wp-json\/wp\/v2\/media?parent=11578"}],"wp:term":[{"taxonomy":"category","embeddable":true,"href":"https:\/\/www.psc-psoe.es\/index.php\/wp-json\/wp\/v2\/categories?post=11578"},{"taxonomy":"post_tag","embeddable":true,"href":"https:\/\/www.psc-psoe.es\/index.php\/wp-json\/wp\/v2\/tags?post=11578"}],"curies":[{"name":"wp","href":"https:\/\/api.w.org\/{rel}","templated":true}]}}