{"id":11567,"date":"2026-01-19T14:10:35","date_gmt":"2026-01-19T13:10:35","guid":{"rendered":"https:\/\/www.psc-psoe.es\/?p=11567"},"modified":"2026-01-19T14:10:35","modified_gmt":"2026-01-19T13:10:35","slug":"daniel-fernandez-exige-a-gema-igual-que-asuma-responsabilidades-por-el-colapso-en-la-gestion-de-personal-del-ayuntamiento-de-santander","status":"publish","type":"post","link":"https:\/\/www.psc-psoe.es\/index.php\/2026\/01\/19\/daniel-fernandez-exige-a-gema-igual-que-asuma-responsabilidades-por-el-colapso-en-la-gestion-de-personal-del-ayuntamiento-de-santander\/","title":{"rendered":"Daniel Fern\u00e1ndez exige a Gema Igual que asuma responsabilidades por el colapso en la gesti\u00f3n de personal del Ayuntamiento de Santander"},"content":{"rendered":"<p dir=\"ltr\" style=\"text-align: justify;\">El secretario general del PSOE en Santander y portavoz municipal, Daniel Fern\u00e1ndez, ha exigido este viernes responsabilidades pol\u00edticas inmediatas a la alcaldesa Gema Igual por el colapso en la gesti\u00f3n de personal del Ayuntamiento, tras conocerse la caducidad de m\u00e1s de 1.200 plazas p\u00fablicas aprobadas en 2022 que ni se han convocado ni se han cubierto en cuatro a\u00f1os.<\/p>\n<p dir=\"ltr\" style=\"text-align: justify;\">\u201cEsto no es una an\u00e9cdota ni un olvido administrativo. Es la consecuencia de a\u00f1os de abandono, de falta de planificaci\u00f3n y de una alcaldesa que ha dejado morir la gesti\u00f3n del Ayuntamiento por pura dejadez pol\u00edtica\u201d, ha afirmado Fern\u00e1ndez, quien ha calificado los hechos como un \u201cesc\u00e1ndalo institucional de primer nivel\u201d.<\/p>\n<p dir=\"ltr\" style=\"text-align: justify;\">El l\u00edder socialista ha recordado que esta inacci\u00f3n supone, adem\u00e1s, la devoluci\u00f3n de tasas a cientos de personas que confiaron en una convocatoria p\u00fablica que nunca lleg\u00f3 a materializarse. \u201cUna estafa a la ciudadan\u00eda y una bofetada al esfuerzo de quienes se prepararon para acceder al empleo p\u00fablico\u201d, ha se\u00f1alado.<\/p>\n<p dir=\"ltr\" style=\"text-align: justify;\">Fern\u00e1ndez tambi\u00e9n ha advertido que a estas 1.200 plazas anuladas hay que sumar otras 22 vacantes de Polic\u00eda Local que han caducado por falta de seguimiento y previsi\u00f3n. \u201c\u00bfC\u00f3mo puede ser que en una ciudad que necesita m\u00e1s agentes, m\u00e1s personal, m\u00e1s servicios, se dejen perder plazas sin hacer absolutamente nada?\u201d, se ha preguntado.<\/p>\n<p dir=\"ltr\" style=\"text-align: justify;\">Adem\u00e1s, ha puesto como ejemplo del abandono institucional la falta de sustituci\u00f3n del director del MAS (Museo de Arte de Santander), cuya plaza sigue sin convocarse. \u201cEl Ayuntamiento no se puede gestionar desde el abandono, la improvisaci\u00f3n y la excusa t\u00e9cnica permanente. Gobernar implica asumir responsabilidades y cuidar lo p\u00fablico. Y este PP no est\u00e1 cumpliendo\u201d, ha reprochado.<\/p>\n","protected":false},"excerpt":{"rendered":"<p>El secretario general del PSOE en Santander y portavoz municipal, Daniel Fern\u00e1ndez, ha exigido este viernes responsabilidades pol\u00edticas inmediatas a la alcaldesa Gema Igual por el colapso en la gesti\u00f3n de personal del Ayuntamiento, tras conocerse la caducidad de m\u00e1s de 1.200 plazas p\u00fablicas aprobadas en 2022 que ni se han convocado ni se han [&hellip;]<\/p>\n","protected":false},"author":12,"featured_media":11374,"comment_status":"open","ping_status":"closed","sticky":false,"template":"","format":"standard","meta":{"tdm_status":"","tdm_grid_status":"","footnotes":""},"categories":[20,55],"tags":[],"class_list":["post-11567","post","type-post","status-publish","format-standard","has-post-thumbnail","hentry","category-santander","category-arco-de-la-bahia"],"_links":{"self":[{"href":"https:\/\/www.psc-psoe.es\/index.php\/wp-json\/wp\/v2\/posts\/11567","targetHints":{"allow":["GET"]}}],"collection":[{"href":"https:\/\/www.psc-psoe.es\/index.php\/wp-json\/wp\/v2\/posts"}],"about":[{"href":"https:\/\/www.psc-psoe.es\/index.php\/wp-json\/wp\/v2\/types\/post"}],"author":[{"embeddable":true,"href":"https:\/\/www.psc-psoe.es\/index.php\/wp-json\/wp\/v2\/users\/12"}],"replies":[{"embeddable":true,"href":"https:\/\/www.psc-psoe.es\/index.php\/wp-json\/wp\/v2\/comments?post=11567"}],"version-history":[{"count":1,"href":"https:\/\/www.psc-psoe.es\/index.php\/wp-json\/wp\/v2\/posts\/11567\/revisions"}],"predecessor-version":[{"id":11568,"href":"https:\/\/www.psc-psoe.es\/index.php\/wp-json\/wp\/v2\/posts\/11567\/revisions\/11568"}],"wp:featuredmedia":[{"embeddable":true,"href":"https:\/\/www.psc-psoe.es\/index.php\/wp-json\/wp\/v2\/media\/11374"}],"wp:attachment":[{"href":"https:\/\/www.psc-psoe.es\/index.php\/wp-json\/wp\/v2\/media?parent=11567"}],"wp:term":[{"taxonomy":"category","embeddable":true,"href":"https:\/\/www.psc-psoe.es\/index.php\/wp-json\/wp\/v2\/categories?post=11567"},{"taxonomy":"post_tag","embeddable":true,"href":"https:\/\/www.psc-psoe.es\/index.php\/wp-json\/wp\/v2\/tags?post=11567"}],"curies":[{"name":"wp","href":"https:\/\/api.w.org\/{rel}","templated":true}]}}