{"id":11562,"date":"2026-01-16T16:06:37","date_gmt":"2026-01-16T15:06:37","guid":{"rendered":"https:\/\/www.psc-psoe.es\/?p=11562"},"modified":"2026-01-16T16:06:37","modified_gmt":"2026-01-16T15:06:37","slug":"el-psoe-de-cayon-lamenta-que-el-alcalde-se-niegue-a-poner-en-marcha-el-catering-social","status":"publish","type":"post","link":"https:\/\/www.psc-psoe.es\/index.php\/2026\/01\/16\/el-psoe-de-cayon-lamenta-que-el-alcalde-se-niegue-a-poner-en-marcha-el-catering-social\/","title":{"rendered":"El PSOE de Cay\u00f3n lamenta que el alcalde se niegue a poner en marcha el catering social"},"content":{"rendered":"<p style=\"font-weight: 400; text-align: justify;\">La portavoz del grupo municipal socialista en el ayuntamiento de Santa Mar\u00eda de Cay\u00f3n, Ana Garc\u00eda, ha lamentado que el alcalde, Francisco Viar (PP), se niegue a poner en marcha el servicio de catering social, del que seg\u00fan los c\u00e1lculos de Garc\u00eda se podr\u00edan beneficiar en el municipio un gran n\u00famero de personas en situaci\u00f3n de vulnerabilidad.<\/p>\n<p style=\"font-weight: 400; text-align: justify;\">La socialista ha tildado de \u201cimpresentable\u201d la actitud del regidor municipal en el \u00faltimo pleno, en el que se ha negado a debatir la urgencia de introducir la moci\u00f3n del PSOE sobre \u201cCatering Social\u201d en el orden del d\u00eda, pese a que incluso otros grupos de la oposici\u00f3n le advirtieron de que su decisi\u00f3n contraven\u00eda el reglamento municipal.<\/p>\n<p style=\"font-weight: 400; text-align: justify;\">Y todo en base a argumentos peregrinos, ha criticado Garc\u00eda, como que es mejor ponerlo en marcha junto con otros municipios como Penagos, Casta\u00f1eda y Pi\u00e9lagos, \u201ccuando Pi\u00e9lagos, ha se\u00f1alado Garc\u00eda, ya tiene en marcha este servicio desde hace a\u00f1os\u201d.<\/p>\n<p style=\"font-weight: 400; text-align: justify;\">\u201cNos parece intolerable que el alcalde supedite la puesta en marcha de este servicio social en Cay\u00f3n a lo que decidan otros ayuntamientos con muchos menos habitantes que el nuestro, como Penagos o Casta\u00f1eda\u201d, ha aseverado la portavoz municipal socialista.<\/p>\n<p style=\"font-weight: 400; text-align: justify;\">Otro de los argumentos esgrimidos por el alcalde es que est\u00e1n trabajando en la redacci\u00f3n de la ordenanza, lo cual, seg\u00fan palabras textuales de Garc\u00eda, \u201ces falso porque la propia concejala bienestar social me explic\u00f3 recientemente que no ten\u00edan personal para hacerlo\u201d.<\/p>\n<p style=\"font-weight: 400; text-align: justify;\">Garc\u00eda ha asegurado que ya hay casi veinte ayuntamientos que han aprobado la ordenanza municipal al respecto y que tienen en marcha este servicio de catering social. En este sentido, \u201cno comprendo, ha dicho, la reticencia del Ayuntamiento de Cay\u00f3n a redactar la suya, cuando ser\u00eda una copia y pega de las ya existentes, a no ser que el alcalde est\u00e9 insinuando que esas otras ordenanzas est\u00e1n mal redactadas\u201d, se ha preguntado la portavoz municipal socialista.<\/p>\n<p style=\"font-weight: 400; text-align: justify;\">\u201cLa realidad es que los habitantes de Cay\u00f3n, m\u00e1s vulnerables y que m\u00e1s necesitar\u00edan de este servicio como las personas mayores o con discapacidad, llevan d\u00e9cadas de retraso en poder disponer de este servicio social, y por la actitud del alcalde, ha lamentado Garc\u00eda, parece que tampoco se va a poner en marcha en esta legislatura\u201d, ha expresado Garc\u00eda.<\/p>\n<p style=\"font-weight: 400; text-align: justify;\">\u201cDesde el PSOE de Cay\u00f3n nos parece inaudita la actitud del alcalde en esta cuesti\u00f3n porque se trata de un servicio que financia al 50 por ciento -en cuanto a la prestaci\u00f3n del mismo y al personal necesario- el ICASS y que tendr\u00eda un coste diario para las arcas municipales de menos de seis euros diarios, que es irrisorio\u201d, ha sentenciado la secretaria general de los socialistas de Cay\u00f3n.<\/p>\n<p style=\"font-weight: 400; text-align: justify;\">El servicio de catering social es una prestaci\u00f3n fundamental para garantizar el bienestar de las personas mayores, especialmente de aquellas que viven solas o tiene dificultades para elaborar su comida diaria, ya que en virtud de este servicio se les entrega diariamente en el domicilio comida ya preparada, en recipientes envasados y listos para su consumo, garantizando una alimentaci\u00f3n correcta, equilibrada y variada.<\/p>\n<p style=\"font-weight: 400; text-align: justify;\">\n","protected":false},"excerpt":{"rendered":"<p>La portavoz del grupo municipal socialista en el ayuntamiento de Santa Mar\u00eda de Cay\u00f3n, Ana Garc\u00eda, ha lamentado que el alcalde, Francisco Viar (PP), se niegue a poner en marcha el servicio de catering social, del que seg\u00fan los c\u00e1lculos de Garc\u00eda se podr\u00edan beneficiar en el municipio un gran n\u00famero de personas en situaci\u00f3n [&hellip;]<\/p>\n","protected":false},"author":12,"featured_media":10915,"comment_status":"open","ping_status":"closed","sticky":false,"template":"","format":"standard","meta":{"tdm_status":"","tdm_grid_status":"","footnotes":""},"categories":[38],"tags":[],"class_list":["post-11562","post","type-post","status-publish","format-standard","has-post-thumbnail","hentry","category-pas-miera-pisuena"],"_links":{"self":[{"href":"https:\/\/www.psc-psoe.es\/index.php\/wp-json\/wp\/v2\/posts\/11562","targetHints":{"allow":["GET"]}}],"collection":[{"href":"https:\/\/www.psc-psoe.es\/index.php\/wp-json\/wp\/v2\/posts"}],"about":[{"href":"https:\/\/www.psc-psoe.es\/index.php\/wp-json\/wp\/v2\/types\/post"}],"author":[{"embeddable":true,"href":"https:\/\/www.psc-psoe.es\/index.php\/wp-json\/wp\/v2\/users\/12"}],"replies":[{"embeddable":true,"href":"https:\/\/www.psc-psoe.es\/index.php\/wp-json\/wp\/v2\/comments?post=11562"}],"version-history":[{"count":1,"href":"https:\/\/www.psc-psoe.es\/index.php\/wp-json\/wp\/v2\/posts\/11562\/revisions"}],"predecessor-version":[{"id":11563,"href":"https:\/\/www.psc-psoe.es\/index.php\/wp-json\/wp\/v2\/posts\/11562\/revisions\/11563"}],"wp:featuredmedia":[{"embeddable":true,"href":"https:\/\/www.psc-psoe.es\/index.php\/wp-json\/wp\/v2\/media\/10915"}],"wp:attachment":[{"href":"https:\/\/www.psc-psoe.es\/index.php\/wp-json\/wp\/v2\/media?parent=11562"}],"wp:term":[{"taxonomy":"category","embeddable":true,"href":"https:\/\/www.psc-psoe.es\/index.php\/wp-json\/wp\/v2\/categories?post=11562"},{"taxonomy":"post_tag","embeddable":true,"href":"https:\/\/www.psc-psoe.es\/index.php\/wp-json\/wp\/v2\/tags?post=11562"}],"curies":[{"name":"wp","href":"https:\/\/api.w.org\/{rel}","templated":true}]}}