{"id":11517,"date":"2025-12-16T18:09:53","date_gmt":"2025-12-16T17:09:53","guid":{"rendered":"https:\/\/www.psc-psoe.es\/?p=11517"},"modified":"2025-12-16T18:09:53","modified_gmt":"2025-12-16T17:09:53","slug":"el-psoe-de-los-corrales-de-buelna-denuncia-que-la-nefasta-gestion-del-pp-en-materia-de-emergencias-ha-provocado-el-cierre-del-parque-de-bomberos","status":"publish","type":"post","link":"https:\/\/www.psc-psoe.es\/index.php\/2025\/12\/16\/el-psoe-de-los-corrales-de-buelna-denuncia-que-la-nefasta-gestion-del-pp-en-materia-de-emergencias-ha-provocado-el-cierre-del-parque-de-bomberos\/","title":{"rendered":"El PSOE de los Corrales de Buelna denuncia que la \u201cnefasta\u201d gesti\u00f3n del PP en materia de emergencias ha provocado el cierre del parque de bomberos"},"content":{"rendered":"<p style=\"font-weight: 400;\">El PSOE de Los Corrales de Buelna ha denunciado la mala gesti\u00f3n de los servicios p\u00fablicos en el municipio, que est\u00e1 llevando a cabo el Gobierno de Cantabria del PP, que ha conllevado, entre otros desprop\u00f3sitos, el cierre del Parque de Bomberos.<\/p>\n<p style=\"font-weight: 400;\">\u201cNos parece grav\u00edsimo porque pone en riesgo la seguridad de la poblaci\u00f3n y de los propios profesionales\u201d, ha expresado la secretaria general del PSOE de los Corrales de Buelna y portavoz municipal, Josefina Gonz\u00e1lez.<\/p>\n<p style=\"font-weight: 400;\">Gonz\u00e1lez ha destacado \u201cla magn\u00edfica labor\u201d que en muchas ocasiones han realizado los Bomberos de los Corrales de Buelna, recordando en este punto, el desastre natural que se produjo cuando ella misma era alcaldesa del municipio \u201cy c\u00f3mo los bomberos ayudaron a la gente a pie de calle, ante\u00a0la gran necesidad y el gran desastre natural que est\u00e1bamos sufriendo\u201d.<\/p>\n<p style=\"font-weight: 400;\">As\u00ed, la portavoz socialista ha incidido en que el Parque de Bomberos de Los Corrales de Buelna, como otros servicios p\u00fablicos del municipio tales como el Centro de Salud, dan cobertura no solo a los habitantes de los Corrales sino tambi\u00e9n de otros muchos municipios, y se ha dejado a los habitantes de toda el \u00e1rea sin servicio de bomberos\u201d.<\/p>\n<p style=\"font-weight: 400;\">Para Josefina Gonz\u00e1lez resulta \u201cincre\u00edble\u201d que la cr\u00edtica del Gobierno de Cantabria vaya para el PSOE y el PRC, \u201ccuando est\u00e1bamos gobernando\u201d, porque nosotros, con una persona menos, ha dicho, \u201cconseguimos que el parque estuviera abierto todos los d\u00edas y pese a no cubrirse el turno completamente, el servicio de bomberos estaba operativo para todos los vecinos\u201d.<\/p>\n<p style=\"font-weight: 400;\">En este sentido, Gonz\u00e1lez le ha recordado al responsable de Emergencias Samuel Ruiz, que \u201ctres personas son much\u00edsimas m\u00e1s que cero, tres personas llegan mucho antes que cero, tres personas,\u00a0 a veces, son lo mejor que te puede pasar en un momento dif\u00edcil\u201d.<\/p>\n<p style=\"font-weight: 400;\">En opini\u00f3n de la secretaria general del PSOE de Los Corrales de Buelna el cierre del Parque de Bomberos del municipio deja en evidencia la \u201cnefasta gesti\u00f3n\u201d que est\u00e1 llevando el Partido Popular en materia del Servicio de Emergencias de Cantabria (SEMCA).<\/p>\n<p style=\"font-weight: 400;\">Para la responsable socialista \u201chay que tener mucha caradura y mucho valor para criticar un servicio que se daba en unas condiciones bastante aceptables y a un nivel bastante cercano a lo deseable, cuando has cerrado el parque poniendo en riesgo la seguridad de la poblaci\u00f3n y de los propios bomberos\u201d.<\/p>\n<p style=\"font-weight: 400;\">Por \u00faltimo, Josefina Gonz\u00e1lez ha recordado que \u201cno hemos aprendido nada. Se han quemado m\u00e1s de 354.000 hect\u00e1reas en nuestro pa\u00eds y el Partido Popular insiste en llevar a cabo una p\u00e9sima gesti\u00f3n en materia de bomberos\u201d.<\/p>\n<p style=\"font-weight: 400;\">\u201cComo hicieron en las comunidades gobernadas por el PP durante la oleada de incendios que tuvo lugar este verano. Y ahora, nos toca, l\u00f3gicamente, a Los Corrales de Buelna\u201d, ha finalizado Gonz\u00e1lez.<\/p>\n<p style=\"font-weight: 400;\">\n","protected":false},"excerpt":{"rendered":"<p>El PSOE de Los Corrales de Buelna ha denunciado la mala gesti\u00f3n de los servicios p\u00fablicos en el municipio, que est\u00e1 llevando a cabo el Gobierno de Cantabria del PP, que ha conllevado, entre otros desprop\u00f3sitos, el cierre del Parque de Bomberos. \u201cNos parece grav\u00edsimo porque pone en riesgo la seguridad de la poblaci\u00f3n y [&hellip;]<\/p>\n","protected":false},"author":12,"featured_media":11518,"comment_status":"open","ping_status":"closed","sticky":false,"template":"","format":"standard","meta":{"tdm_status":"","tdm_grid_status":"","footnotes":""},"categories":[22],"tags":[],"class_list":["post-11517","post","type-post","status-publish","format-standard","has-post-thumbnail","hentry","category-los-corrales-de-buelna"],"_links":{"self":[{"href":"https:\/\/www.psc-psoe.es\/index.php\/wp-json\/wp\/v2\/posts\/11517","targetHints":{"allow":["GET"]}}],"collection":[{"href":"https:\/\/www.psc-psoe.es\/index.php\/wp-json\/wp\/v2\/posts"}],"about":[{"href":"https:\/\/www.psc-psoe.es\/index.php\/wp-json\/wp\/v2\/types\/post"}],"author":[{"embeddable":true,"href":"https:\/\/www.psc-psoe.es\/index.php\/wp-json\/wp\/v2\/users\/12"}],"replies":[{"embeddable":true,"href":"https:\/\/www.psc-psoe.es\/index.php\/wp-json\/wp\/v2\/comments?post=11517"}],"version-history":[{"count":1,"href":"https:\/\/www.psc-psoe.es\/index.php\/wp-json\/wp\/v2\/posts\/11517\/revisions"}],"predecessor-version":[{"id":11519,"href":"https:\/\/www.psc-psoe.es\/index.php\/wp-json\/wp\/v2\/posts\/11517\/revisions\/11519"}],"wp:featuredmedia":[{"embeddable":true,"href":"https:\/\/www.psc-psoe.es\/index.php\/wp-json\/wp\/v2\/media\/11518"}],"wp:attachment":[{"href":"https:\/\/www.psc-psoe.es\/index.php\/wp-json\/wp\/v2\/media?parent=11517"}],"wp:term":[{"taxonomy":"category","embeddable":true,"href":"https:\/\/www.psc-psoe.es\/index.php\/wp-json\/wp\/v2\/categories?post=11517"},{"taxonomy":"post_tag","embeddable":true,"href":"https:\/\/www.psc-psoe.es\/index.php\/wp-json\/wp\/v2\/tags?post=11517"}],"curies":[{"name":"wp","href":"https:\/\/api.w.org\/{rel}","templated":true}]}}