{"id":11514,"date":"2025-12-15T19:49:40","date_gmt":"2025-12-15T18:49:40","guid":{"rendered":"https:\/\/www.psc-psoe.es\/?p=11514"},"modified":"2025-12-15T19:49:40","modified_gmt":"2025-12-15T18:49:40","slug":"el-psoe-exige-una-respuesta-inmediata-al-gobierno-de-cantabria-la-firma-del-convenio-y-el-refuerzo-del-servicio-de-bomberos","status":"publish","type":"post","link":"https:\/\/www.psc-psoe.es\/index.php\/2025\/12\/15\/el-psoe-exige-una-respuesta-inmediata-al-gobierno-de-cantabria-la-firma-del-convenio-y-el-refuerzo-del-servicio-de-bomberos\/","title":{"rendered":"El PSOE exige una respuesta inmediata al Gobierno de Cantabria, la firma del convenio y el refuerzo del servicio de bomberos"},"content":{"rendered":"<p style=\"font-weight: 400; text-align: justify;\">El secretario general del PSOE de Cantabria, Pedro Casares, ha exigido soluciones para la situaci\u00f3n de los bomberos del SEMCA.<\/p>\n<p style=\"font-weight: 400; text-align: justify;\">\u201cExigimos una respuesta inmediata al Gobierno de Cantabria, exigimos que se firme cuanto antes el convenio colectivo que demandan los bomberos de Cantabria y exigimos que se refuerzo el servicio con m\u00e1s plazas\u201d, ha destacado el secretario general de los socialistas c\u00e1ntabros.<\/p>\n<p style=\"font-weight: 400; text-align: justify;\">Casares se ha referido a las reivindicaciones de los bomberos del SEMCA \u201ccomo justas\u201d durante una reuni\u00f3n con el comit\u00e9 de empresa en la sede socialista, a la que tambi\u00e9n han asistido el secretario de Organizaci\u00f3n, Agust\u00edn Molleda, y la secretaria de Pol\u00edtica Institucional, Esther Bolado.<\/p>\n<p style=\"font-weight: 400; text-align: justify;\">\u201cLos bomberos de Cantabria est\u00e1n pidiendo las mismas condiciones laborales y salariales tenga el contrato que tengan que el personal funcionario, es decir, los bomberos est\u00e1n pidiendo las mismas condiciones que el conductor de un cami\u00f3n de bomberos\u201d, ha se\u00f1alado.<\/p>\n<p style=\"font-weight: 400; text-align: justify;\">Para Casares, \u201cesto es de justicia, es de sentido com\u00fan y es lo que est\u00e1n reclamando los bomberos de Cantabria\u201d.<\/p>\n<p style=\"font-weight: 400; text-align: justify;\">Por otra parte, el secretario general de los socialistas c\u00e1ntabros ha se\u00f1alado que \u201ces fundamental\u201d reforzar el servicio de bomberos de Cantabria. \u201cNuestros bomberos han dicho que ya no pueden m\u00e1s, que est\u00e1n metiendo much\u00edsimas horas extras, que tienen que renunciar a vacaciones por ejemplo en Navidad para seguir prestando el servicio\u201d, ha denunciado.<\/p>\n<p style=\"font-weight: 400; text-align: justify;\">\u201cEstamos en una situaci\u00f3n l\u00edmite\u201d, ha se\u00f1alado Casares, que ha recordado que \u201choy mismo hay parques de bomberos cerrados, como el de Los Corrales de Buelna, y parques que no llegan a ese n\u00famero m\u00ednimo de cuatro bomberos que deber\u00edan estar prestando ese servicio y hay zonas en las que solo ha habido un parque de bomberos activo algunos d\u00edas\u201d.<\/p>\n<p style=\"font-weight: 400; text-align: justify;\">El secretario general del PSOE c\u00e1ntabro, que ha se\u00f1alado que \u201cesto no hab\u00eda pasado nunca antes\u201d, se ha preguntado \u201c\u00bfde verdad alguien se imagina parques de bomberos cerrados? Esto es un esc\u00e1ndalo, esto es una negligencia del Gobierno de Cantabria\u201d.<\/p>\n<p style=\"font-weight: 400; text-align: justify;\">\u201cImag\u00ednense si ocurre una desgracia, un incendio o un accidente de tr\u00e1fico donde tienen que actuar los bomberos y no hay ese servicio, de eso estamos hablando\u201d, ha concluido.<\/p>\n<p style=\"font-weight: 400; text-align: justify;\">Por \u00faltimo, el presidente del comit\u00e9 de empresa de los bomberos del SEMCA, Josu\u00e9 Castillo, ha se\u00f1alado que \u201cdesde el minuto uno ha entendido cual es nuestra problem\u00e1tica\u201d. \u201cHemos venido a que nos escuchen, a explicarles, m\u00e1s en detalle la situaci\u00f3n y que nos puedan ayudar\u201d, ha concluido.<\/p>\n","protected":false},"excerpt":{"rendered":"<p>El secretario general del PSOE de Cantabria, Pedro Casares, ha exigido soluciones para la situaci\u00f3n de los bomberos del SEMCA. \u201cExigimos una respuesta inmediata al Gobierno de Cantabria, exigimos que se firme cuanto antes el convenio colectivo que demandan los bomberos de Cantabria y exigimos que se refuerzo el servicio con m\u00e1s plazas\u201d, ha destacado [&hellip;]<\/p>\n","protected":false},"author":12,"featured_media":11515,"comment_status":"open","ping_status":"closed","sticky":false,"template":"","format":"standard","meta":{"tdm_status":"","tdm_grid_status":"","footnotes":""},"categories":[14,24,420,25],"tags":[],"class_list":["post-11514","post","type-post","status-publish","format-standard","has-post-thumbnail","hentry","category-notas-de-prensa","category-partido","category-pedro-casares","category-actualidad"],"_links":{"self":[{"href":"https:\/\/www.psc-psoe.es\/index.php\/wp-json\/wp\/v2\/posts\/11514","targetHints":{"allow":["GET"]}}],"collection":[{"href":"https:\/\/www.psc-psoe.es\/index.php\/wp-json\/wp\/v2\/posts"}],"about":[{"href":"https:\/\/www.psc-psoe.es\/index.php\/wp-json\/wp\/v2\/types\/post"}],"author":[{"embeddable":true,"href":"https:\/\/www.psc-psoe.es\/index.php\/wp-json\/wp\/v2\/users\/12"}],"replies":[{"embeddable":true,"href":"https:\/\/www.psc-psoe.es\/index.php\/wp-json\/wp\/v2\/comments?post=11514"}],"version-history":[{"count":1,"href":"https:\/\/www.psc-psoe.es\/index.php\/wp-json\/wp\/v2\/posts\/11514\/revisions"}],"predecessor-version":[{"id":11516,"href":"https:\/\/www.psc-psoe.es\/index.php\/wp-json\/wp\/v2\/posts\/11514\/revisions\/11516"}],"wp:featuredmedia":[{"embeddable":true,"href":"https:\/\/www.psc-psoe.es\/index.php\/wp-json\/wp\/v2\/media\/11515"}],"wp:attachment":[{"href":"https:\/\/www.psc-psoe.es\/index.php\/wp-json\/wp\/v2\/media?parent=11514"}],"wp:term":[{"taxonomy":"category","embeddable":true,"href":"https:\/\/www.psc-psoe.es\/index.php\/wp-json\/wp\/v2\/categories?post=11514"},{"taxonomy":"post_tag","embeddable":true,"href":"https:\/\/www.psc-psoe.es\/index.php\/wp-json\/wp\/v2\/tags?post=11514"}],"curies":[{"name":"wp","href":"https:\/\/api.w.org\/{rel}","templated":true}]}}