{"id":11500,"date":"2025-12-11T09:41:12","date_gmt":"2025-12-11T08:41:12","guid":{"rendered":"https:\/\/www.psc-psoe.es\/?p=11500"},"modified":"2025-12-10T20:43:02","modified_gmt":"2025-12-10T19:43:02","slug":"el-psoe-muestra-su-apoyo-a-las-justas-reivindicaciones-de-los-bomberos-del-semca-y-exige-la-firma-del-convenio-colectivo-que-equipare-las-condiciones-salariales-y-amplie-la","status":"publish","type":"post","link":"https:\/\/www.psc-psoe.es\/index.php\/2025\/12\/11\/el-psoe-muestra-su-apoyo-a-las-justas-reivindicaciones-de-los-bomberos-del-semca-y-exige-la-firma-del-convenio-colectivo-que-equipare-las-condiciones-salariales-y-amplie-la\/","title":{"rendered":"El PSOE muestra su apoyo a las \u201cjustas reivindicaciones\u201d de los bomberos del SEMCA y exige la firma del convenio colectivo \u201cque equipare las condiciones salariales y ampl\u00ede la plantilla\u201d"},"content":{"rendered":"<p style=\"text-align: justify;\">El PSOE de Cantabria ha mostrado apoyo a las \u201cjustas reivindicaciones\u201d de los bomberos del SEMCA (Servicio de Emergencias de Cantabria) y ha exigido la firma del convenio colectivo \u201cque equipare las condiciones salariales y ampl\u00ede la plantilla\u201d.<\/p>\n<p style=\"text-align: justify;\">As\u00ed lo ha afirmado la portavoz de la Comisi\u00f3n Ejecutiva Auton\u00f3mica del PSOE de Cantabria, Ainoa Qui\u00f1ones, que ha se\u00f1alado que \u201cno sabemos a que est\u00e1 esperando el gobierno de Mar\u00eda Jos\u00e9 S\u00e1enz de Buruaga\u201d para firmar el convenio colectivo que iguale las condiciones laborales y salariales del personal laboral con el nuevo personal funcionario.<\/p>\n<p style=\"text-align: justify;\">\u201cEl Gobierno de Buruaga est\u00e1 tratando de forma injusta y discriminatoria a los trabajadores del SEMCA y sus familias, que hoy trabajan en el servicio con las mismas condiciones y exigencias laborales, pero con menos derechos y menos salarios\u201d, ha denunciado la portavoz de los socialistas c\u00e1ntabros.<\/p>\n<p style=\"text-align: justify;\">Qui\u00f1ones ha criticado que \u201cel Partido Popular y el Gobierno de Buruaga est\u00e1n dilatando en el tiempo la toma de decisiones y los acuerdos con los trabajadores, a los que ha dado plant\u00f3n en varias ocasiones, mientras les exige las mismas condiciones laborales que al nuevo personal funcionario, con mejores condiciones retributivas\u201d.<\/p>\n<p style=\"text-align: justify;\">Adem\u00e1s, para Qui\u00f1ones, el gobierno del Partido Popular ha hecho \u201cde la excepci\u00f3n, la norma\u201d, a lo que ha pedido revertir la situaci\u00f3n \u201cde forma urgente e inmediata\u201d al Gobierno del PP cumpliendo las sentencias del Juzgado de lo Social y la Sala de lo Social del Tribunal Superior de Justicia de Cantabria que respaldan las reivindicaciones de los bomberos.<\/p>\n<p style=\"text-align: justify;\">En este sentido, la portavoz socialista ha denunciado que \u201cal hacer de la excepci\u00f3n, la norma, estamos sufriendo las consecuencias con parques de emergencias cerrados, con menos bomberos de los que se necesita por guardia y con parches para suplir las necesidades de unos parques de emergencias con otros\u201d.<\/p>\n<p style=\"text-align: justify;\">En este sentido, la dirigente socialista ha denunciado que se incumple \u201cde forma reiterada desde la llegada de este Gobierno\u201d, dicho acuerdo suscrito por las secciones sindicales y ratificado por sentencia, que establec\u00eda que la dotaci\u00f3n de turnos en los parques de emergencias debe ser de 24 efectivos como m\u00ednimo.<\/p>\n<p style=\"text-align: justify;\">\u201cLa realidad es que en los seis parques de bomberos activos en Cantabria se trabaja siempre, salvo muy pocas excepciones, con un n\u00famero inferior a 24 bomberos y las guardias que deber\u00edan ser de cuatro agentes se hacen con un n\u00famero de efectivos inferior\u201d.<\/p>\n<p style=\"text-align: justify;\">\u201cCompartimos con los bomberos del SEMCA su decepci\u00f3n, su indignaci\u00f3n y su protesta porque este servicio de emergencias es un servicio fundamental que debe tener personal suficiente, con una plantilla adaptada a las necesidades, y no con 28 bomberos menos de los que se necesitan y con guardias mermadas, que ofrecen un peor servicio e incrementan el tiempo de respuesta\u201d, ha se\u00f1alado.<\/p>\n<p style=\"text-align: justify;\">Por \u00faltimo, Ainoa Qui\u00f1ones ha afirmado que el PSOE \u201cva a dar la batalla pol\u00edtica y parlamentaria\u201d para que la situaci\u00f3n de los bomberos del SEMCA \u201crecupere una normalidad que lleva siendo an\u00f3mala desde hace demasiados a\u00f1os\u201d.<\/p>\n<p style=\"text-align: justify;\">\u201cEst\u00e1 en manos del Gobierno de Buruaga solucionar los problemas del SEMCA, mejorar las condiciones laborales y salariales del personal laboral, que deben equipararse al personal funcionario, y ampliar la plantilla para dotar a los parques de los bomberos necesarios. El tiempo de las excusas ya ha pasado, ahora toca cumplir\u201d, ha concluido.<\/p>\n<p style=\"text-align: justify;\">\n<p style=\"text-align: justify;\">\n<p style=\"text-align: justify;\">\n<p>&nbsp;<\/p>\n","protected":false},"excerpt":{"rendered":"<p>El PSOE de Cantabria ha mostrado apoyo a las \u201cjustas reivindicaciones\u201d de los bomberos del SEMCA (Servicio de Emergencias de Cantabria) y ha exigido la firma del convenio colectivo \u201cque equipare las condiciones salariales y ampl\u00ede la plantilla\u201d. As\u00ed lo ha afirmado la portavoz de la Comisi\u00f3n Ejecutiva Auton\u00f3mica del PSOE de Cantabria, Ainoa Qui\u00f1ones, [&hellip;]<\/p>\n","protected":false},"author":12,"featured_media":11501,"comment_status":"open","ping_status":"closed","sticky":false,"template":"","format":"standard","meta":{"tdm_status":"","tdm_grid_status":"","footnotes":""},"categories":[14,24,25],"tags":[],"class_list":["post-11500","post","type-post","status-publish","format-standard","has-post-thumbnail","hentry","category-notas-de-prensa","category-partido","category-actualidad"],"_links":{"self":[{"href":"https:\/\/www.psc-psoe.es\/index.php\/wp-json\/wp\/v2\/posts\/11500","targetHints":{"allow":["GET"]}}],"collection":[{"href":"https:\/\/www.psc-psoe.es\/index.php\/wp-json\/wp\/v2\/posts"}],"about":[{"href":"https:\/\/www.psc-psoe.es\/index.php\/wp-json\/wp\/v2\/types\/post"}],"author":[{"embeddable":true,"href":"https:\/\/www.psc-psoe.es\/index.php\/wp-json\/wp\/v2\/users\/12"}],"replies":[{"embeddable":true,"href":"https:\/\/www.psc-psoe.es\/index.php\/wp-json\/wp\/v2\/comments?post=11500"}],"version-history":[{"count":1,"href":"https:\/\/www.psc-psoe.es\/index.php\/wp-json\/wp\/v2\/posts\/11500\/revisions"}],"predecessor-version":[{"id":11502,"href":"https:\/\/www.psc-psoe.es\/index.php\/wp-json\/wp\/v2\/posts\/11500\/revisions\/11502"}],"wp:featuredmedia":[{"embeddable":true,"href":"https:\/\/www.psc-psoe.es\/index.php\/wp-json\/wp\/v2\/media\/11501"}],"wp:attachment":[{"href":"https:\/\/www.psc-psoe.es\/index.php\/wp-json\/wp\/v2\/media?parent=11500"}],"wp:term":[{"taxonomy":"category","embeddable":true,"href":"https:\/\/www.psc-psoe.es\/index.php\/wp-json\/wp\/v2\/categories?post=11500"},{"taxonomy":"post_tag","embeddable":true,"href":"https:\/\/www.psc-psoe.es\/index.php\/wp-json\/wp\/v2\/tags?post=11500"}],"curies":[{"name":"wp","href":"https:\/\/api.w.org\/{rel}","templated":true}]}}