{"id":11475,"date":"2025-12-03T09:08:13","date_gmt":"2025-12-03T08:08:13","guid":{"rendered":"https:\/\/www.psc-psoe.es\/?p=11475"},"modified":"2025-12-03T09:08:13","modified_gmt":"2025-12-03T08:08:13","slug":"el-psoe-de-limpias-muestra-su-sorpresa-ante-la-denuncia-presentada-por-el-marido-de-la-concejala-de-obras","status":"publish","type":"post","link":"https:\/\/www.psc-psoe.es\/index.php\/2025\/12\/03\/el-psoe-de-limpias-muestra-su-sorpresa-ante-la-denuncia-presentada-por-el-marido-de-la-concejala-de-obras\/","title":{"rendered":"El PSOE de Limpias muestra su \u201csorpresa\u201d ante la denuncia presentada por el marido de la concejala de Obras"},"content":{"rendered":"<p style=\"font-weight: 400; text-align: justify;\">El portavoz del Grupo Municipal Socialista de Limpias, C\u00e9sar Canales, ha manifestado la \u201csorpresa\u201d ante la noticia de la denuncia interpuesta contra el Ayuntamiento por parte del marido de la concejala de Obras y teniente de alcalde, Lorena P\u00e9rez, por un plan urban\u00edstico consistente en una subdivisi\u00f3n urban\u00edstica, supuestamente, paralizado.<\/p>\n<p style=\"font-weight: 400; text-align: justify;\">\u201cNos vemos obligados a expresar nuestra\u00a0preocupaci\u00f3n\u00a0por el hecho de que, como oposici\u00f3n, no hayamos tenido ninguna informaci\u00f3n oficial sobre esta denuncia\u201d, ha dicho Canales.<\/p>\n<p style=\"font-weight: 400; text-align: justify;\">En este sentido, el concejal ha explicado que el ayuntamiento de Limpias ha sido demandado por el marido de la teniente alcalde del consistorio por no tramitar en tiempo y forma una modificaci\u00f3n urban\u00edstica de una finca en el casco urbano para que pueda desarrollarse urban\u00edsticamente, y por el silencio administrativo ante esta cuesti\u00f3n.<\/p>\n<p style=\"font-weight: 400; text-align: justify;\">\u201cSe pretende ir en contra de los m\u00e1s de 70 vecinos afectados, a los cuales no se ha escuchado en ning\u00fan momento defendiendo as\u00ed otros intereses ajenos a los de los vecinos\u201d, ha se\u00f1alado.<\/p>\n<p style=\"font-weight: 400; text-align: justify;\">Canales ha denunciado la \u201copacidad y falta de transparencia\u201d del ayuntamiento, gobernado por el PP, sobre esta cuesti\u00f3n, ya que, ha explicado, desde que tuvieron conocimiento de los hechos, a trav\u00e9s de algunos vecinos, preocupados por lo que estaba pasando, se pidi\u00f3 la documentaci\u00f3n de todo el expediente administrativo al consistorio y a\u00fan, ha asegurado \u201cno tenemos ning\u00fan tipo de informaci\u00f3n\u201d.<\/p>\n<p style=\"font-weight: 400; text-align: justify;\">\u201cEste silencio por parte del equipo de gobierno no hace m\u00e1s que aumentar las dudas sobre la gesti\u00f3n interna de este asunto\u201d, ha aseverado Canales.<\/p>\n<p style=\"font-weight: 400; text-align: justify;\">Adem\u00e1s, Canales ha querido dejar claro que \u201ces mentira que est\u00e9 parado por los servicios t\u00e9cnicos, lo que ha ocurrido es que no se ha proporcionado por parte de la Alcald\u00eda lo que los servicios t\u00e9cnicos municipales pidieron en el informe de 9 de julio de 2024\u201d.<\/p>\n<p style=\"font-weight: 400; text-align: justify;\">Adem\u00e1s, \u201cya obraba en el expediente de la subdivisi\u00f3n urban\u00edstica que se pretende llevar a cabo antes de que se cerrara el plazo de alegaciones\u201d.<\/p>\n<p style=\"font-weight: 400; text-align: justify;\">Por lo que, a juicio de Canales, \u201clleva a sospechar que podr\u00eda estar parado a prop\u00f3sito por la Alcald\u00eda\u201d.<\/p>\n<p style=\"font-weight: 400; text-align: justify;\">\u201cExigimos que se d\u00e9 la cara por parte del alcalde y de la concejala responsable y que se clarifiquen todas las circunstancias relacionadas con este asunto\u201d. \u201cInstamos, adem\u00e1s, a que el equipo de gobierno proporcione toda la informaci\u00f3n solicitada y a que se act\u00fae con la\u00a0m\u00e1xima transparencia\u00a0para que la ciudadan\u00eda pueda tener acceso a todos los detalles de este caso y se esclarezca lo sucedido\u201d, ha se\u00f1alado.<\/p>\n<p style=\"font-weight: 400; text-align: justify;\">Canales ha lamentado que con el PP en el ayuntamiento de Limpias \u201cse vuelva a la opacidad y la inestabilidad derivada de los problemas judiciales\u201d.<\/p>\n<p style=\"font-weight: 400; text-align: justify;\">Para finalizar ha remarcado que \u201cel PSOE est\u00e1 comprometido con la defensa de la \u00e9tica\u00a0en la gesti\u00f3n p\u00fablica, la\u00a0transparencia\u00a0en la toma de decisiones y la\u00a0protecci\u00f3n de los derechos\u00a0de los trabajadores del Ayuntamiento\u201d.\u00a0\u201cSeguiremos luchando por un gobierno local que sea digno de la confianza de los vecinos y vecinas de nuestro municipio\u201d, ha concluido.<\/p>\n","protected":false},"excerpt":{"rendered":"<p>El portavoz del Grupo Municipal Socialista de Limpias, C\u00e9sar Canales, ha manifestado la \u201csorpresa\u201d ante la noticia de la denuncia interpuesta contra el Ayuntamiento por parte del marido de la concejala de Obras y teniente de alcalde, Lorena P\u00e9rez, por un plan urban\u00edstico consistente en una subdivisi\u00f3n urban\u00edstica, supuestamente, paralizado. \u201cNos vemos obligados a expresar [&hellip;]<\/p>\n","protected":false},"author":12,"featured_media":10773,"comment_status":"open","ping_status":"closed","sticky":false,"template":"","format":"standard","meta":{"tdm_status":"","tdm_grid_status":"","footnotes":""},"categories":[40],"tags":[],"class_list":["post-11475","post","type-post","status-publish","format-standard","has-post-thumbnail","hentry","category-ason-aguera"],"_links":{"self":[{"href":"https:\/\/www.psc-psoe.es\/index.php\/wp-json\/wp\/v2\/posts\/11475","targetHints":{"allow":["GET"]}}],"collection":[{"href":"https:\/\/www.psc-psoe.es\/index.php\/wp-json\/wp\/v2\/posts"}],"about":[{"href":"https:\/\/www.psc-psoe.es\/index.php\/wp-json\/wp\/v2\/types\/post"}],"author":[{"embeddable":true,"href":"https:\/\/www.psc-psoe.es\/index.php\/wp-json\/wp\/v2\/users\/12"}],"replies":[{"embeddable":true,"href":"https:\/\/www.psc-psoe.es\/index.php\/wp-json\/wp\/v2\/comments?post=11475"}],"version-history":[{"count":1,"href":"https:\/\/www.psc-psoe.es\/index.php\/wp-json\/wp\/v2\/posts\/11475\/revisions"}],"predecessor-version":[{"id":11476,"href":"https:\/\/www.psc-psoe.es\/index.php\/wp-json\/wp\/v2\/posts\/11475\/revisions\/11476"}],"wp:featuredmedia":[{"embeddable":true,"href":"https:\/\/www.psc-psoe.es\/index.php\/wp-json\/wp\/v2\/media\/10773"}],"wp:attachment":[{"href":"https:\/\/www.psc-psoe.es\/index.php\/wp-json\/wp\/v2\/media?parent=11475"}],"wp:term":[{"taxonomy":"category","embeddable":true,"href":"https:\/\/www.psc-psoe.es\/index.php\/wp-json\/wp\/v2\/categories?post=11475"},{"taxonomy":"post_tag","embeddable":true,"href":"https:\/\/www.psc-psoe.es\/index.php\/wp-json\/wp\/v2\/tags?post=11475"}],"curies":[{"name":"wp","href":"https:\/\/api.w.org\/{rel}","templated":true}]}}