{"id":11473,"date":"2025-12-02T15:26:14","date_gmt":"2025-12-02T14:26:14","guid":{"rendered":"https:\/\/www.psc-psoe.es\/?p=11473"},"modified":"2025-12-02T15:26:14","modified_gmt":"2025-12-02T14:26:14","slug":"el-psoe-lamenta-que-el-gobierno-de-buruaga-sea-un-obstaculo-para-la-creacion-de-empleo-en-cantabria","status":"publish","type":"post","link":"https:\/\/www.psc-psoe.es\/index.php\/2025\/12\/02\/el-psoe-lamenta-que-el-gobierno-de-buruaga-sea-un-obstaculo-para-la-creacion-de-empleo-en-cantabria\/","title":{"rendered":"El PSOE lamenta que el Gobierno de Buruaga \u201csea un obst\u00e1culo\u201d para la creaci\u00f3n de empleo en Cantabria"},"content":{"rendered":"<p style=\"font-weight: 400; text-align: justify;\">El PSOE de Cantabria ha lamentado que el Gobierno de Mar\u00eda Jos\u00e9 S\u00e1enz de Buruaga \u201csea un obst\u00e1culo\u201d para la creaci\u00f3n de empleo en Cantabria.<\/p>\n<p style=\"font-weight: 400; text-align: justify;\">As\u00ed lo ha expresado la secretaria de Empleo de la Comisi\u00f3n Ejecutiva Auton\u00f3mica del PSOE de Cantabria, Luz Garc\u00eda, que ha se\u00f1alado que\u00a0el empleo \u201cno saca m\u00fasculo en Cantabria\u201d.<\/p>\n<p style=\"font-weight: 400; text-align: justify;\">\u201cMientras Espa\u00f1a reduce paro, Cantabria vuelve a subir y tiene la tercera mayor ca\u00edda en afiliaci\u00f3n de todas las CCAA, y eso es solo consecuencia de las malas pol\u00edticas del PP en la regi\u00f3n\u201d, ha enfatizado.<\/p>\n<p style=\"font-weight: 400; text-align: justify;\">Garc\u00eda ha afirmado que los datos de empleo publicados correspondientes al mes de noviembre vuelven a mostrar \u201cun contraste evidente\u201d entre la evoluci\u00f3n del mercado laboral en el conjunto del pa\u00eds y la situaci\u00f3n espec\u00edfica de Cantabria.<\/p>\n<p style=\"font-weight: 400; text-align: justify;\">As\u00ed, ha explicado que mientras el conjunto del pa\u00eds ha reducido el paro un 0,77 %, con 18.800 parados menos, en Cantabria tambi\u00e9n se alcanza la cifra m\u00e1s baja de desempleo en un mes de noviembre desde 2007, pero no sigue la t\u00f3nica nacional, sino que el paro registrado aumenta un 0,32%, con 82 personas desempleadas m\u00e1s.<\/p>\n<p style=\"font-weight: 400; text-align: justify;\">\u201cPese a que se intenta presentar estos datos bajo titulares optimistas, lo cierto es que Cantabria registra la tercera mayor ca\u00edda en afiliaci\u00f3n a la Seguridad Social de todas las comunidades aut\u00f3nomas, lo que contradice cualquier discurso de fortaleza del empleo\u201d, ha se\u00f1alado.<\/p>\n<p style=\"font-weight: 400; text-align: justify;\">Para Garc\u00eda, \u201clos datos son claros, el empleo juvenil mejora en Espa\u00f1a, retrocede en Cantabria; con un contraste es a\u00fan mayor en el colectivo de menores de 25 a\u00f1os\u201d.<\/p>\n<p style=\"font-weight: 400; text-align: justify;\">\u201cEn el conjunto del pa\u00eds, el desempleo juvenil marca el mejor registro para un mes de noviembre, con un descenso significativo. Sin embargo, en Cantabria la cifra de j\u00f3venes desempleados no baja, sube, mostrando que la regi\u00f3n no est\u00e1 aprovechando la mejora general del mercado laboral y, de hecho, se desmarca del comportamiento positivo del resto del pa\u00eds\u201d.<\/p>\n<p style=\"font-weight: 400; text-align: justify;\"><strong>Exigencia de explicaciones y medidas urgentes<\/strong><\/p>\n<p style=\"font-weight: 400; text-align: justify;\">Ante estos datos, Luz Garc\u00eda ha afirmado que \u201ces necesario\u201d que el Gobierno regional explique con claridad por qu\u00e9 Cantabria contin\u00faa qued\u00e1ndose atr\u00e1s respecto al resto de comunidades y qu\u00e9 medidas piensa adoptar para revertir la ca\u00edda en afiliaci\u00f3n, frenar el repunte del paro y abordar de forma urgente el aumento del desempleo juvenil.<\/p>\n<p style=\"font-weight: 400; text-align: justify;\">Por \u00faltimo, la secretaria de Empleo ha se\u00f1alado que \u201cCantabria no puede permitirse quedar al margen de la recuperaci\u00f3n laboral que s\u00ed se est\u00e1 produciendo en el conjunto del pa\u00eds\u201d.<\/p>\n","protected":false},"excerpt":{"rendered":"<p>El PSOE de Cantabria ha lamentado que el Gobierno de Mar\u00eda Jos\u00e9 S\u00e1enz de Buruaga \u201csea un obst\u00e1culo\u201d para la creaci\u00f3n de empleo en Cantabria. As\u00ed lo ha expresado la secretaria de Empleo de la Comisi\u00f3n Ejecutiva Auton\u00f3mica del PSOE de Cantabria, Luz Garc\u00eda, que ha se\u00f1alado que\u00a0el empleo \u201cno saca m\u00fasculo en Cantabria\u201d. \u201cMientras [&hellip;]<\/p>\n","protected":false},"author":12,"featured_media":11353,"comment_status":"open","ping_status":"closed","sticky":false,"template":"","format":"standard","meta":{"tdm_status":"","tdm_grid_status":"","footnotes":""},"categories":[14,24,25],"tags":[],"class_list":["post-11473","post","type-post","status-publish","format-standard","has-post-thumbnail","hentry","category-notas-de-prensa","category-partido","category-actualidad"],"_links":{"self":[{"href":"https:\/\/www.psc-psoe.es\/index.php\/wp-json\/wp\/v2\/posts\/11473","targetHints":{"allow":["GET"]}}],"collection":[{"href":"https:\/\/www.psc-psoe.es\/index.php\/wp-json\/wp\/v2\/posts"}],"about":[{"href":"https:\/\/www.psc-psoe.es\/index.php\/wp-json\/wp\/v2\/types\/post"}],"author":[{"embeddable":true,"href":"https:\/\/www.psc-psoe.es\/index.php\/wp-json\/wp\/v2\/users\/12"}],"replies":[{"embeddable":true,"href":"https:\/\/www.psc-psoe.es\/index.php\/wp-json\/wp\/v2\/comments?post=11473"}],"version-history":[{"count":1,"href":"https:\/\/www.psc-psoe.es\/index.php\/wp-json\/wp\/v2\/posts\/11473\/revisions"}],"predecessor-version":[{"id":11474,"href":"https:\/\/www.psc-psoe.es\/index.php\/wp-json\/wp\/v2\/posts\/11473\/revisions\/11474"}],"wp:featuredmedia":[{"embeddable":true,"href":"https:\/\/www.psc-psoe.es\/index.php\/wp-json\/wp\/v2\/media\/11353"}],"wp:attachment":[{"href":"https:\/\/www.psc-psoe.es\/index.php\/wp-json\/wp\/v2\/media?parent=11473"}],"wp:term":[{"taxonomy":"category","embeddable":true,"href":"https:\/\/www.psc-psoe.es\/index.php\/wp-json\/wp\/v2\/categories?post=11473"},{"taxonomy":"post_tag","embeddable":true,"href":"https:\/\/www.psc-psoe.es\/index.php\/wp-json\/wp\/v2\/tags?post=11473"}],"curies":[{"name":"wp","href":"https:\/\/api.w.org\/{rel}","templated":true}]}}