{"id":11465,"date":"2025-11-28T12:55:02","date_gmt":"2025-11-28T11:55:02","guid":{"rendered":"https:\/\/www.psc-psoe.es\/?p=11465"},"modified":"2025-11-28T12:55:02","modified_gmt":"2025-11-28T11:55:02","slug":"el-psoe-preguntara-a-buruaga-sobre-el-pelotazo-millonario-que-pretende-promover-el-gobierno-con-la-carretera-y-puente-requejada-suances","status":"publish","type":"post","link":"https:\/\/www.psc-psoe.es\/index.php\/2025\/11\/28\/el-psoe-preguntara-a-buruaga-sobre-el-pelotazo-millonario-que-pretende-promover-el-gobierno-con-la-carretera-y-puente-requejada-suances\/","title":{"rendered":"El PSOE preguntar\u00e1 a Buruaga sobre el \u201cpelotazo millonario\u201d que pretende promover el Gobierno con la carretera y puente Requejada-Suances"},"content":{"rendered":"<p style=\"font-weight: 400; text-align: justify;\">El Grupo Parlamentario del PSOE preguntar\u00e1 en el pleno del lunes, 1 de diciembre, a la presidenta auton\u00f3mica, Mar\u00eda Jos\u00e9 S\u00e1enz de Buruaga, sobre el \u201cpelotazo millonario\u201d que pretende promover el Gobierno regional con la carretera y puente entre Requejada y Suances.<\/p>\n<p style=\"font-weight: 400; text-align: justify;\">El portavoz parlamentario socialista, Mario Iglesias, ha emplazado a Buruaga a gobernar \u201cponiendo el inter\u00e9s general por delante y no el empresarial\u201d como, a su juicio, est\u00e1 haciendo el Gobierno del PP con la modificaci\u00f3n de la Ley de Carreteras que quiere hacer para introducir la ejecuci\u00f3n con una f\u00f3rmula de colaboraci\u00f3n p\u00fablico-privada.<\/p>\n<p style=\"font-weight: 400; text-align: justify;\">Una f\u00f3rmula con la que, ha denunciado, esa carretera y puente entre Requejada (Polanco) y Suances pasa de costar 45 a 187 millones de euros, \u201cun pelotazo millonario\u201d y una \u201cprivatizaci\u00f3n\u201d que ha enfatizado que solo est\u00e1 denunciando p\u00fablicamente el PSOE cuando \u201cva a comprometer los presupuestos de los pr\u00f3ximos 26 a\u00f1os\u201d.<\/p>\n<p style=\"font-weight: 400; text-align: justify;\">Iglesias ha insistido que la carretera, con esa f\u00f3rmula, \u201cva costar tres veces m\u00e1s de lo anunciado inicialmente\u201d. \u201cEsa es siempre la herencia de los gobiernos del PP: hipotecar Cantabria\u201d, ha espetado el portavoz socialista en el Parlamento en una rueda de prensa en la que ha informado de los asuntos que el PSOE llevar\u00e1 al pr\u00f3ximo pleno.<\/p>\n<p style=\"font-weight: 400; text-align: justify;\">El socialista ha reiterado que el PSOE defiende la construcci\u00f3n de esa carretera y puente entre Requejada y Suances \u201cpero no de cualquier manera\u201d. \u201cCarretera estrat\u00e9gica entre Suances y Requejada s\u00ed, estrategia millonaria para beneficiar a no se sabe qui\u00e9n con el dinero de todos los c\u00e1ntabros y c\u00e1ntabras no\u201d.<\/p>\n<p style=\"font-weight: 400; text-align: justify;\">Y es que, para Iglesias, se trata de una operaci\u00f3n \u201cm\u00e1s rentable para el que la cobra que para el que la necesita, que somos todos\u201d, y por ello ha considerado que la presidenta regional tiene que dar explicaciones en la C\u00e1mara porque \u201cnos preocupa mucho el trasvase sistem\u00e1tico que est\u00e1 realizando su Gobierno de lo p\u00fablico a lo privado\u201d.<\/p>\n<p style=\"font-weight: 400; text-align: justify;\"><strong>Otros asuntos al Pleno<\/strong><\/p>\n<p style=\"font-weight: 400; text-align: justify;\">En otro orden de asuntos, los socialistas defender\u00e1n en la pr\u00f3xima sesi\u00f3n plenaria dos proposiciones no de ley y una moci\u00f3n, y formular\u00e1n varias preguntas, adem\u00e1s de la dirigida a la presidenta.<\/p>\n<p style=\"font-weight: 400; text-align: justify;\">En las PNL, el PSOE reclamar\u00e1, por un lado, el cobro del complemento salarial por atenci\u00f3n continuada por todos los profesionales sanitarios mientras est\u00e1 de baja por incapacidad temporal.<\/p>\n<p style=\"font-weight: 400; text-align: justify;\">\u201cEl PP introdujo una enmienda en la ley de medidas que acompa\u00f1\u00f3 a los presupuestos de Cantabria de 2025 para discriminar y que solo pudieran cobrar este complemento, este concepto salarial, los m\u00e9dicos\u201d, ha recordado Iglesias.<\/p>\n<p style=\"font-weight: 400; text-align: justify;\">As\u00ed, con esta proposici\u00f3n no de ley se busca \u201ccorregir\u201d esa \u201cbrecha\u201d y \u201cextender ese derecho laboral a todos los profesionales sanitarios\u201d, ha detallado el portavoz socialista.<\/p>\n<p style=\"font-weight: 400; text-align: justify;\">En una segunda PNL, los socialistas pedir\u00e1n constituir un Grupo de Trabajo sobre el Transporte P\u00fablico por Carretera en Cantabria, una iniciativa que viene reclamando las Mesas de Movilidad y que el PSOE quiere \u201cempujar\u201d.<\/p>\n<p style=\"font-weight: 400; text-align: justify;\">En la moci\u00f3n, desde el PSOE instar\u00e1 al Gobierno regional a cambiar el planteamiento del programa musculoesquel\u00e9tico que \u201cse ha convertido en una limitaci\u00f3n para los m\u00e9dicos de Atenci\u00f3n Primaria y una muestra de desconfianza absoluta a los especialistas de medicina familiar y comunitaria\u201d.<\/p>\n<p style=\"font-weight: 400; text-align: justify;\">En las preguntas, los socialistas cuestionar\u00e1n al Ejecutivo sobre la situaci\u00f3n laboral de los bomberos forestales y sobre las oposiciones a maestros.<\/p>\n<p style=\"font-weight: 400; text-align: justify;\">\n","protected":false},"excerpt":{"rendered":"<p>El Grupo Parlamentario del PSOE preguntar\u00e1 en el pleno del lunes, 1 de diciembre, a la presidenta auton\u00f3mica, Mar\u00eda Jos\u00e9 S\u00e1enz de Buruaga, sobre el \u201cpelotazo millonario\u201d que pretende promover el Gobierno regional con la carretera y puente entre Requejada y Suances. El portavoz parlamentario socialista, Mario Iglesias, ha emplazado a Buruaga a gobernar \u201cponiendo [&hellip;]<\/p>\n","protected":false},"author":12,"featured_media":11466,"comment_status":"open","ping_status":"closed","sticky":false,"template":"","format":"standard","meta":{"tdm_status":"","tdm_grid_status":"","footnotes":""},"categories":[14,24,25],"tags":[],"class_list":["post-11465","post","type-post","status-publish","format-standard","has-post-thumbnail","hentry","category-notas-de-prensa","category-partido","category-actualidad"],"_links":{"self":[{"href":"https:\/\/www.psc-psoe.es\/index.php\/wp-json\/wp\/v2\/posts\/11465","targetHints":{"allow":["GET"]}}],"collection":[{"href":"https:\/\/www.psc-psoe.es\/index.php\/wp-json\/wp\/v2\/posts"}],"about":[{"href":"https:\/\/www.psc-psoe.es\/index.php\/wp-json\/wp\/v2\/types\/post"}],"author":[{"embeddable":true,"href":"https:\/\/www.psc-psoe.es\/index.php\/wp-json\/wp\/v2\/users\/12"}],"replies":[{"embeddable":true,"href":"https:\/\/www.psc-psoe.es\/index.php\/wp-json\/wp\/v2\/comments?post=11465"}],"version-history":[{"count":1,"href":"https:\/\/www.psc-psoe.es\/index.php\/wp-json\/wp\/v2\/posts\/11465\/revisions"}],"predecessor-version":[{"id":11467,"href":"https:\/\/www.psc-psoe.es\/index.php\/wp-json\/wp\/v2\/posts\/11465\/revisions\/11467"}],"wp:featuredmedia":[{"embeddable":true,"href":"https:\/\/www.psc-psoe.es\/index.php\/wp-json\/wp\/v2\/media\/11466"}],"wp:attachment":[{"href":"https:\/\/www.psc-psoe.es\/index.php\/wp-json\/wp\/v2\/media?parent=11465"}],"wp:term":[{"taxonomy":"category","embeddable":true,"href":"https:\/\/www.psc-psoe.es\/index.php\/wp-json\/wp\/v2\/categories?post=11465"},{"taxonomy":"post_tag","embeddable":true,"href":"https:\/\/www.psc-psoe.es\/index.php\/wp-json\/wp\/v2\/tags?post=11465"}],"curies":[{"name":"wp","href":"https:\/\/api.w.org\/{rel}","templated":true}]}}