{"id":11425,"date":"2025-11-20T11:46:12","date_gmt":"2025-11-20T10:46:12","guid":{"rendered":"https:\/\/www.psc-psoe.es\/?p=11425"},"modified":"2025-11-20T11:48:14","modified_gmt":"2025-11-20T10:48:14","slug":"el-psoe-de-polanco-denuncia-que-los-presupuestos-municipales-repiten-el-esquema-del-ano-anterior-e-ignoran-sus-propuestas","status":"publish","type":"post","link":"https:\/\/www.psc-psoe.es\/index.php\/2025\/11\/20\/el-psoe-de-polanco-denuncia-que-los-presupuestos-municipales-repiten-el-esquema-del-ano-anterior-e-ignoran-sus-propuestas\/","title":{"rendered":"El PSOE de Polanco denuncia que los Presupuestos Municipales repiten el esquema del a\u00f1o anterior e ignoran sus propuestas"},"content":{"rendered":"<p style=\"font-weight: 400; text-align: justify;\">El secretario general del PSOE de Polanco, Rub\u00e9n Garc\u00eda, ha manifestado el desacuerdo con el proyecto de presupuestos presentado por el equipo de gobierno, unas cuentas que consideran \u201cpr\u00e1cticamente una copia\u201d de las del pasado ejercicio, con la \u00fanica diferencia de un incremento de aproximadamente 230.000 euros.<\/p>\n<p style=\"font-weight: 400; text-align: justify;\">Garc\u00eda afirma que \u201cninguna de las propuestas formuladas por su grupo ha sido tenida en cuenta, a pesar de que en comisi\u00f3n se traslad\u00f3 que ser\u00edan valoradas\u201d.<\/p>\n<p style=\"font-weight: 400; text-align: justify;\">Entre las iniciativas planteadas por el Grupo Municipal Socialista, el secretario general de los socialistas polanquinos ha destacado tres actuaciones \u201cde car\u00e1cter realista y f\u00e1cilmente asumibles dentro del aumento presupuestario previsto\u201d.<\/p>\n<p style=\"font-weight: 400; text-align: justify;\">Una de ellas es la compensaci\u00f3n de la subida de la tasa de basuras, mediante una reducci\u00f3n del Impuesto sobre Bienes Inmuebles (IBI) por valor de 110.000 euros, con el fin de aliviar la carga fiscal de las familias.<\/p>\n<p style=\"font-weight: 400; text-align: justify;\">Y las otras dos actuaciones propuestas son la dotaci\u00f3n econ\u00f3mica para la redacci\u00f3n del proyecto de la nueva plaza frente al Ayuntamiento, una actuaci\u00f3n largamente demandada; y la construcci\u00f3n de una cubierta en el parque infantil junto al campo de f\u00fatbol de Rinconeda, para mejorar el uso y disfrute de este espacio durante todo el a\u00f1o.<\/p>\n<p style=\"font-weight: 400; text-align: justify;\">\u201cSe trata de propuestas sensatas y perfectamente realizables pero el equipo de gobierno ha decidido ignorarlas\u201d, ha se\u00f1alado.<\/p>\n<p style=\"font-weight: 400; text-align: justify;\">Los socialistas polanquinos han reconocido que se trata de un documento \u201cbien elaborado desde el punto de vista contable\u201d, pero han denunciado que \u201ccarece de alma, porque no da respuesta a las necesidades y aspiraciones reales de los vecinos\u201d.<\/p>\n<p style=\"font-weight: 400; text-align: justify;\">Adem\u00e1s, han advertido de la elevada frecuencia con la que el equipo de gobierno recurre a modificaciones presupuestarias.<\/p>\n<p style=\"font-weight: 400; text-align: justify;\">\u201cHabr\u00e1 que ver cu\u00e1ntas presentan en 2026. \u00bfSuperar\u00e1n su propio r\u00e9cord? \u00bfIncluir\u00e1n entonces nuestras propuestas, como ya ha ocurrido en otras ocasiones?\u201d, ha enfatizado Garc\u00eda.<\/p>\n<p style=\"font-weight: 400; text-align: justify;\">Por \u00faltimo, el PSOE de Polanco tambi\u00e9n ha cuestionado el escaso apoyo econ\u00f3mico destinado a tres asociaciones locales \u2014la Asociaci\u00f3n Solidaria de Polanco, la Asociaci\u00f3n Jolanta y la Asociaci\u00f3n Sociocultural de Polanco\u2014 cuya subvenci\u00f3n conjunta \u201capenas supera lo que cost\u00f3 el viaje a Chile de la alcaldesa junto a su concejala de confianza y compa\u00f1era de andanzas\u201d.<\/p>\n<p style=\"font-weight: 400; text-align: justify;\">\u201cLo que podr\u00edan hacer estas, y otras asociaciones con esos m\u00e1s de seis mil euros resulta mucho m\u00e1s beneficioso para el municipio que determinados gastos superfluos del equipo de gobierno\u201d, han concluido.<\/p>\n<p style=\"font-weight: 400;\">\n","protected":false},"excerpt":{"rendered":"<p>El secretario general del PSOE de Polanco, Rub\u00e9n Garc\u00eda, ha manifestado el desacuerdo con el proyecto de presupuestos presentado por el equipo de gobierno, unas cuentas que consideran \u201cpr\u00e1cticamente una copia\u201d de las del pasado ejercicio, con la \u00fanica diferencia de un incremento de aproximadamente 230.000 euros. Garc\u00eda afirma que \u201cninguna de las propuestas formuladas [&hellip;]<\/p>\n","protected":false},"author":12,"featured_media":11113,"comment_status":"open","ping_status":"closed","sticky":false,"template":"","format":"standard","meta":{"tdm_status":"","tdm_grid_status":"","footnotes":""},"categories":[33],"tags":[],"class_list":["post-11425","post","type-post","status-publish","format-standard","has-post-thumbnail","hentry","category-besaya"],"_links":{"self":[{"href":"https:\/\/www.psc-psoe.es\/index.php\/wp-json\/wp\/v2\/posts\/11425","targetHints":{"allow":["GET"]}}],"collection":[{"href":"https:\/\/www.psc-psoe.es\/index.php\/wp-json\/wp\/v2\/posts"}],"about":[{"href":"https:\/\/www.psc-psoe.es\/index.php\/wp-json\/wp\/v2\/types\/post"}],"author":[{"embeddable":true,"href":"https:\/\/www.psc-psoe.es\/index.php\/wp-json\/wp\/v2\/users\/12"}],"replies":[{"embeddable":true,"href":"https:\/\/www.psc-psoe.es\/index.php\/wp-json\/wp\/v2\/comments?post=11425"}],"version-history":[{"count":1,"href":"https:\/\/www.psc-psoe.es\/index.php\/wp-json\/wp\/v2\/posts\/11425\/revisions"}],"predecessor-version":[{"id":11426,"href":"https:\/\/www.psc-psoe.es\/index.php\/wp-json\/wp\/v2\/posts\/11425\/revisions\/11426"}],"wp:featuredmedia":[{"embeddable":true,"href":"https:\/\/www.psc-psoe.es\/index.php\/wp-json\/wp\/v2\/media\/11113"}],"wp:attachment":[{"href":"https:\/\/www.psc-psoe.es\/index.php\/wp-json\/wp\/v2\/media?parent=11425"}],"wp:term":[{"taxonomy":"category","embeddable":true,"href":"https:\/\/www.psc-psoe.es\/index.php\/wp-json\/wp\/v2\/categories?post=11425"},{"taxonomy":"post_tag","embeddable":true,"href":"https:\/\/www.psc-psoe.es\/index.php\/wp-json\/wp\/v2\/tags?post=11425"}],"curies":[{"name":"wp","href":"https:\/\/api.w.org\/{rel}","templated":true}]}}