{"id":11414,"date":"2025-11-17T14:28:39","date_gmt":"2025-11-17T13:28:39","guid":{"rendered":"https:\/\/www.psc-psoe.es\/?p=11414"},"modified":"2025-11-17T14:28:39","modified_gmt":"2025-11-17T13:28:39","slug":"el-psoe-santander-respalda-a-los-vecinos-de-puertochico-y-anuncia-apoyo-institucional-para-frenar-el-proyecto-de-mcdonalds-en-el-mercado","status":"publish","type":"post","link":"https:\/\/www.psc-psoe.es\/index.php\/2025\/11\/17\/el-psoe-santander-respalda-a-los-vecinos-de-puertochico-y-anuncia-apoyo-institucional-para-frenar-el-proyecto-de-mcdonalds-en-el-mercado\/","title":{"rendered":"El PSOE Santander respalda a los vecinos de Puertochico y anuncia apoyo institucional para frenar el proyecto de McDonald\u2019s en el mercado"},"content":{"rendered":"<p style=\"font-weight: 400; text-align: justify;\">El secretario general y portavoz socialista, Daniel Fern\u00e1ndez, ha anunciado hoy que el PSOE Santander respaldar\u00e1 institucionalmente a los vecinos y vecinas de Puertochico en su oposici\u00f3n al proyecto de implantaci\u00f3n de un McDonald\u2019s en el Mercado municipal, tras la reuni\u00f3n celebrada con representantes de la FECAV y de las plataformas ciudadanas afectadas.<\/p>\n<p style=\"font-weight: 400; text-align: justify;\">Fern\u00e1ndez ha denunciado que el proceso seguido por el Ayuntamiento de Santander, gobernado por el Partido Popular, est\u00e1 marcado por la opacidad, la celeridad injustificada y la ausencia de participaci\u00f3n real, recordando que la Junta de Gobierno ha desestimado \u00edntegramente todas las alegaciones, incluidas las del propio PSOE, bajo el argumento de que muchas cuestiones \u201cno forman parte del objeto del proyecto\u201d.<\/p>\n<p style=\"font-weight: 400; text-align: justify;\">El portavoz ha lamentado que el Ayuntamiento \u201cact\u00fae como aval institucional y urban\u00edstico del proyecto de la multinacional\u201d, en lugar de defender un espacio p\u00fablico reformado con fondos municipales. En este sentido, ha criticado tambi\u00e9n la actitud de la alcaldesa, \u201cm\u00e1s preocupada por descalificar a quienes se oponen que por escuchar al barrio\u201d, tras haber ordenado retirar en pocas horas la pancarta vecinal contra el proyecto. \u201cEl PP solo tiene prisa cuando se trata de silenciar el malestar ciudadano, nunca cuando se trata de responder a los problemas reales del barrio\u201d, ha se\u00f1alado.<\/p>\n<p style=\"font-weight: 400; text-align: justify;\">\u201cVamos a caminar junto a los vecinos. Nuestro compromiso es claro: este proyecto no puede salir adelante sin di\u00e1logo, sin transparencia y sin respeto al barrio. Puertochico no merece una imposici\u00f3n; merece ser escuchado\u201d.<\/p>\n<p style=\"font-weight: 400; text-align: justify;\"><strong>Un modelo de mercado que se desvirt\u00faa<\/strong><\/p>\n<p style=\"font-weight: 400; text-align: justify;\">El PSOE recuerda que el Mercado de Puertochico fue renovado con fondos p\u00fablicos para convertirse en un espacio de promoci\u00f3n del comercio local, la gastronom\u00eda c\u00e1ntabra y la vida de barrio. Fern\u00e1ndez ha subrayado que, \u201ccuando un mercado de barrio acaba convertido en una franquicia global, no hablamos de un cambio menor: hablamos de perder identidad, vida vecinal y el modelo de ciudad que queremos para Santander\u201d.<\/p>\n<p style=\"font-weight: 400; text-align: justify;\">Sin embargo, la instalaci\u00f3n de una franquicia de comida r\u00e1pida de casi 400 m\u00b2 \u2014cuando en algunos informes internos se hablaba de 84 m\u00b2\u2014, junto con una terraza elevada y cerrada sobre la plaza exterior, supone \u201cla privatizaci\u00f3n de un espacio vecinal estrat\u00e9gico\u201d y consolida un modelo urbano \u201cen el que los barrios pierden funci\u00f3n social para convertirse en un escaparate\u201d.<\/p>\n<p style=\"font-weight: 400; text-align: justify;\">Fern\u00e1ndez ha insistido en que este conflicto \u201cva mucho m\u00e1s all\u00e1 de un restaurante\u201d.<\/p>\n<p style=\"font-weight: 400; text-align: justify;\">\u201cEs una cuesti\u00f3n de modelo de ciudad. \u00bfQueremos mercados vivos, con identidad local, o queremos franquicias que uniformizan todos los barrios de Espa\u00f1a? \u00bfQueremos plazas abiertas al encuentro o plazas cerradas para un negocio privado? En Puertochico, el PP ha elegido lo segundo, y por eso vamos a estar con los vecinos\u201d.<\/p>\n<p style=\"font-weight: 400; text-align: justify;\">El portavoz ha concluido afirmando que el PSOE seguir\u00e1 defendiendo el inter\u00e9s p\u00fablico, la participaci\u00f3n ciudadana y la calidad de vida de los barrios, porque \u201cuna ciudad que abandona sus mercados acaba abandonando a sus vecinos\u201d.<\/p>\n","protected":false},"excerpt":{"rendered":"<p>El secretario general y portavoz socialista, Daniel Fern\u00e1ndez, ha anunciado hoy que el PSOE Santander respaldar\u00e1 institucionalmente a los vecinos y vecinas de Puertochico en su oposici\u00f3n al proyecto de implantaci\u00f3n de un McDonald\u2019s en el Mercado municipal, tras la reuni\u00f3n celebrada con representantes de la FECAV y de las plataformas ciudadanas afectadas. Fern\u00e1ndez ha [&hellip;]<\/p>\n","protected":false},"author":12,"featured_media":11415,"comment_status":"open","ping_status":"closed","sticky":false,"template":"","format":"standard","meta":{"tdm_status":"","tdm_grid_status":"","footnotes":""},"categories":[20,55,16],"tags":[],"class_list":["post-11414","post","type-post","status-publish","format-standard","has-post-thumbnail","hentry","category-santander","category-arco-de-la-bahia","category-noticias-santander"],"_links":{"self":[{"href":"https:\/\/www.psc-psoe.es\/index.php\/wp-json\/wp\/v2\/posts\/11414","targetHints":{"allow":["GET"]}}],"collection":[{"href":"https:\/\/www.psc-psoe.es\/index.php\/wp-json\/wp\/v2\/posts"}],"about":[{"href":"https:\/\/www.psc-psoe.es\/index.php\/wp-json\/wp\/v2\/types\/post"}],"author":[{"embeddable":true,"href":"https:\/\/www.psc-psoe.es\/index.php\/wp-json\/wp\/v2\/users\/12"}],"replies":[{"embeddable":true,"href":"https:\/\/www.psc-psoe.es\/index.php\/wp-json\/wp\/v2\/comments?post=11414"}],"version-history":[{"count":1,"href":"https:\/\/www.psc-psoe.es\/index.php\/wp-json\/wp\/v2\/posts\/11414\/revisions"}],"predecessor-version":[{"id":11416,"href":"https:\/\/www.psc-psoe.es\/index.php\/wp-json\/wp\/v2\/posts\/11414\/revisions\/11416"}],"wp:featuredmedia":[{"embeddable":true,"href":"https:\/\/www.psc-psoe.es\/index.php\/wp-json\/wp\/v2\/media\/11415"}],"wp:attachment":[{"href":"https:\/\/www.psc-psoe.es\/index.php\/wp-json\/wp\/v2\/media?parent=11414"}],"wp:term":[{"taxonomy":"category","embeddable":true,"href":"https:\/\/www.psc-psoe.es\/index.php\/wp-json\/wp\/v2\/categories?post=11414"},{"taxonomy":"post_tag","embeddable":true,"href":"https:\/\/www.psc-psoe.es\/index.php\/wp-json\/wp\/v2\/tags?post=11414"}],"curies":[{"name":"wp","href":"https:\/\/api.w.org\/{rel}","templated":true}]}}