{"id":11406,"date":"2025-11-14T12:37:38","date_gmt":"2025-11-14T11:37:38","guid":{"rendered":"https:\/\/www.psc-psoe.es\/?p=11406"},"modified":"2025-11-14T12:37:38","modified_gmt":"2025-11-14T11:37:38","slug":"el-psoe-denuncia-que-el-pp-venda-el-proyecto-de-la-engana-como-propio-cuando-forma-parte-de-la-buena-herencia-recibida","status":"publish","type":"post","link":"https:\/\/www.psc-psoe.es\/index.php\/2025\/11\/14\/el-psoe-denuncia-que-el-pp-venda-el-proyecto-de-la-engana-como-propio-cuando-forma-parte-de-la-buena-herencia-recibida\/","title":{"rendered":"El PSOE denuncia que el PP \u201cvenda\u201d el proyecto de La Enga\u00f1a como propio cuando forma parte de \u201cla buena herencia recibida\u201d"},"content":{"rendered":"<p style=\"font-weight: 400; text-align: justify;\">El PSOE de Cantabria ha denunciado que el Gobierno auton\u00f3mico del PP de Mar\u00eda Jos\u00e9 S\u00e1enz de Buruaga \u201cvenda\u201d el proyecto del t\u00fanel de La Enga\u00f1a como propio cuando forma parte de la \u201cbuena herencia recibida\u201d del anterior ejecutivo bipartito del que formaban parte los socialistas, al igual que otros importantes proyectos como el nuevo Museo de Prehistoria y Arqueolog\u00eda (MUPAC), el centro log\u00edstico de La Pasiega o la Unidad de Protonterapia en el Hospital Valdecilla.<\/p>\n<p style=\"font-weight: 400; text-align: justify;\">El portavoz parlamentario socialista, Mario Iglesias, ha lamentado que los \u2018populares\u2019 \u201cvenden todo como si lo hubieran hecho ellos\u201d pese a que \u201clos c\u00e1ntabros sabemos que no tienen ning\u00fan proyecto propio para Cantabria\u201d. \u201cNada de lo que avanza lleva el sello del PP\u201d, ha a\u00f1adido.<\/p>\n<p style=\"font-weight: 400; text-align: justify;\">Pero, adem\u00e1s, Iglesias ha criticado la \u201cdeslealtad institucional\u201d del Gobierno del PP y de Buruaga porque \u201chan sido incapaces de invitar a otras administraciones e instituciones p\u00fablicas\u201d al inicio de las obras en La Enga\u00f1a cuando se trata de \u201cun proyecto financiado con fondos europeos del Gobierno de Espa\u00f1a\u201d, unos fondos \u201ca los que el PP vot\u00f3 en contra\u201d.<\/p>\n<p style=\"font-weight: 400; text-align: justify;\">As\u00ed lo ha expresado el portavoz parlamentario del PSOE de Cantabria este viernes en una rueda de prensa en la que ha informado de los asuntos que los socialistas llevar\u00e1n al Pleno del pr\u00f3ximo lunes, 17 de noviembre, y que incluyen una proposici\u00f3n no de ley sobre educaci\u00f3n universitaria, una interpelaci\u00f3n sobre programa para enfermedades musculoesquel\u00e9ticas de Valdecilla y una bater\u00eda de preguntas.<\/p>\n<p style=\"font-weight: 400; text-align: justify;\">Iglesias ha detallado que el PSOE pedir\u00e1 en una PNL que el Ejecutivo regional apueste \u201cde manera decidida\u201d por la accesibilidad y universalidad de la educaci\u00f3n universitaria y, para ello, instar\u00e1 a avanzar en pol\u00edticas de becas y ayudas al estudio, con especial atenci\u00f3n al entorno rural y los colectivos m\u00e1s vulnerables.<\/p>\n<p style=\"font-weight: 400; text-align: justify;\"><strong>Implantar gratuidad de la primera matr\u00edcula universitaria<\/strong><\/p>\n<p style=\"font-weight: 400; text-align: justify;\">Los socialistas tambi\u00e9n reclamar\u00e1n \u201cir un paso m\u00e1s all\u00e1\u201d e implantar la gratuidad de la primera matr\u00edcula en los estudios de grado de la Universidad de Cantabria.<\/p>\n<p style=\"font-weight: 400; text-align: justify;\">\u201cHablamos de reducir el abandono acad\u00e9mico por motivos econ\u00f3micos, retener el gran talento joven de nuestra tierra y fortalecer la universidad p\u00fablica, que es un orgullo colectivo. M\u00e1s formaci\u00f3n significa m\u00e1s libertad, m\u00e1s libertad significa una sociedad cohesionada y m\u00e1s justa\u201d, ha a\u00f1adido Iglesias.<\/p>\n<p style=\"font-weight: 400; text-align: justify;\">Por otro lado, el PSOE interpelar\u00e1 al consejero de Salud, C\u00e9sar Pascual, sobre el programa para enfermedades musculoesquel\u00e9ticas y que Iglesias ha denunciado que el PP lo ha \u201cconvertido en una limitaci\u00f3n al trabajo de m\u00e9dicos de Atenci\u00f3n Primaria, para las derivaciones directas a Traumatolog\u00eda y Neurocirug\u00eda\u201d.<\/p>\n<p style=\"font-weight: 400; text-align: justify;\">\u201cHoy, los pacientes tienen que pasar un aut\u00e9ntico peregrinaje de consulta en consulta para dar con el tratamiento adecuado. Pacientes mareados, con dolor, hartos y con bajas laborales que se alargar\u00e1n innecesariamente. El Gobierno de Buruaga utiliza este programa para falsear las listas de espera de estas dos especialidades y aumentar las de fisioterapia y, al mismo tiempo, restar capacidad a los m\u00e9dicos de familia para derivar al servicio m\u00e1s oportuno a sus pacientes\u201d, ha asegurado Iglesias.<\/p>\n<p style=\"font-weight: 400; text-align: justify;\">Y ha alertado de que esta situaci\u00f3n, adem\u00e1s de una muestra de \u201cdesconfianza\u201d hacia los especialistas de medicina familiar y comunitaria, acabar\u00e1, una vez m\u00e1s y \u201ccomo siempre con el PP, beneficiando a la sanidad privada\u201d donde acudir\u00e1n los \u201cpacientes hartos de espera y sin soluciones a sus problemas\u201d.<\/p>\n<p style=\"font-weight: 400; text-align: justify;\">Finalmente, los socialistas llevar\u00e1n a la sesi\u00f3n parlamentaria una bater\u00eda de preguntas sobre el futuro Conservatorio de Torrelavega.<\/p>\n","protected":false},"excerpt":{"rendered":"<p>El PSOE de Cantabria ha denunciado que el Gobierno auton\u00f3mico del PP de Mar\u00eda Jos\u00e9 S\u00e1enz de Buruaga \u201cvenda\u201d el proyecto del t\u00fanel de La Enga\u00f1a como propio cuando forma parte de la \u201cbuena herencia recibida\u201d del anterior ejecutivo bipartito del que formaban parte los socialistas, al igual que otros importantes proyectos como el nuevo [&hellip;]<\/p>\n","protected":false},"author":12,"featured_media":11407,"comment_status":"open","ping_status":"closed","sticky":false,"template":"","format":"standard","meta":{"tdm_status":"","tdm_grid_status":"","footnotes":""},"categories":[14,24,25],"tags":[],"class_list":["post-11406","post","type-post","status-publish","format-standard","has-post-thumbnail","hentry","category-notas-de-prensa","category-partido","category-actualidad"],"_links":{"self":[{"href":"https:\/\/www.psc-psoe.es\/index.php\/wp-json\/wp\/v2\/posts\/11406","targetHints":{"allow":["GET"]}}],"collection":[{"href":"https:\/\/www.psc-psoe.es\/index.php\/wp-json\/wp\/v2\/posts"}],"about":[{"href":"https:\/\/www.psc-psoe.es\/index.php\/wp-json\/wp\/v2\/types\/post"}],"author":[{"embeddable":true,"href":"https:\/\/www.psc-psoe.es\/index.php\/wp-json\/wp\/v2\/users\/12"}],"replies":[{"embeddable":true,"href":"https:\/\/www.psc-psoe.es\/index.php\/wp-json\/wp\/v2\/comments?post=11406"}],"version-history":[{"count":1,"href":"https:\/\/www.psc-psoe.es\/index.php\/wp-json\/wp\/v2\/posts\/11406\/revisions"}],"predecessor-version":[{"id":11408,"href":"https:\/\/www.psc-psoe.es\/index.php\/wp-json\/wp\/v2\/posts\/11406\/revisions\/11408"}],"wp:featuredmedia":[{"embeddable":true,"href":"https:\/\/www.psc-psoe.es\/index.php\/wp-json\/wp\/v2\/media\/11407"}],"wp:attachment":[{"href":"https:\/\/www.psc-psoe.es\/index.php\/wp-json\/wp\/v2\/media?parent=11406"}],"wp:term":[{"taxonomy":"category","embeddable":true,"href":"https:\/\/www.psc-psoe.es\/index.php\/wp-json\/wp\/v2\/categories?post=11406"},{"taxonomy":"post_tag","embeddable":true,"href":"https:\/\/www.psc-psoe.es\/index.php\/wp-json\/wp\/v2\/tags?post=11406"}],"curies":[{"name":"wp","href":"https:\/\/api.w.org\/{rel}","templated":true}]}}