{"id":11397,"date":"2025-11-12T16:33:04","date_gmt":"2025-11-12T15:33:04","guid":{"rendered":"https:\/\/www.psc-psoe.es\/?p=11397"},"modified":"2025-11-12T16:33:54","modified_gmt":"2025-11-12T15:33:54","slug":"el-psoe-responsabiliza-al-pp-de-la-perdida-de-poblacion-en-santander-por-su-incapacidad-para-hacer-que-la-ciudad-funcione-para-quien-vive-en-ella","status":"publish","type":"post","link":"https:\/\/www.psc-psoe.es\/index.php\/2025\/11\/12\/el-psoe-responsabiliza-al-pp-de-la-perdida-de-poblacion-en-santander-por-su-incapacidad-para-hacer-que-la-ciudad-funcione-para-quien-vive-en-ella\/","title":{"rendered":"El PSOE responsabiliza al PP de la p\u00e9rdida de poblaci\u00f3n en Santander por su incapacidad para hacer que la ciudad funcione para quien vive en ella"},"content":{"rendered":"<p style=\"font-weight: 400; text-align: justify;\">El secretario general y portavoz socialista, Daniel Fern\u00e1ndez, ha responsabilizado al Partido Popular de la continua p\u00e9rdida de poblaci\u00f3n en Santander, tras conocerse que la ciudad es la sexta capital de provincia de Espa\u00f1a que m\u00e1s habitantes ha perdido en el \u00faltimo a\u00f1o, con una ca\u00edda del 5,8 %, seg\u00fan los \u00faltimos datos del Instituto Nacional de Estad\u00edstica.<\/p>\n<p style=\"font-weight: 400; text-align: justify;\">Fern\u00e1ndez ha se\u00f1alado que estos datos \u201cson la consecuencia directa de un Ayuntamiento incapaz de retener o atraer poblaci\u00f3n porque ni siquiera garantiza lo m\u00ednimo que se requiere para quedarse a vivir en una ciudad: vivienda, servicios p\u00fablicos y calidad de vida\u201d.<\/p>\n<p style=\"font-weight: 400; text-align: justify;\">\u201cSantander no pierde poblaci\u00f3n por casualidad. La pierde porque el PP ha convertido el Ayuntamiento en un gobierno que no gobierna, que improvisa y que no ofrece un proyecto de ciudad donde merezca la pena quedarse\u201d, ha afirmado el portavoz socialista.<\/p>\n<p style=\"font-weight: 400; text-align: justify;\">El PSOE denuncia que Santander carece de una sola promoci\u00f3n de vivienda p\u00fablica en alquiler asequible, que los servicios p\u00fablicos b\u00e1sicos no funcionan, y que la movilidad y la planificaci\u00f3n urbana dificultan la vida cotidiana de los vecinos y vecinas.<\/p>\n<p style=\"font-weight: 400; text-align: justify;\">Fern\u00e1ndez ha criticado adem\u00e1s que la alcaldesa y su equipo \u201cse obsesionan con agradar al turista mientras olvidan a quien vive aqu\u00ed todo el a\u00f1o\u201d, con una ciudad que \u201cacumula escaleras y rampas mec\u00e1nicas averiadas, colegios sin mantenimiento, un transporte p\u00fablico deficiente y barrios sin inversiones\u201d.<\/p>\n<p style=\"font-weight: 400; text-align: justify;\">A ello se suma la ausencia total de pol\u00edticas de conciliaci\u00f3n familiar y laboral, que hacen imposible que las familias decidan quedarse a vivir en Santander. \u201cNo hay escuelas infantiles suficientes, ni programas de conciliaci\u00f3n, ni ayudas al cuidado; es una ciudad cada vez m\u00e1s cara, m\u00e1s dif\u00edcil y menos amable para criar o trabajar\u201d, ha resumido.<\/p>\n<p style=\"font-weight: 400; text-align: justify;\">Tambi\u00e9n ha advertido del deterioro del comercio local y del tejido econ\u00f3mico, sin pol\u00edticas activas de empleo, de apoyo a los peque\u00f1os negocios o de impulso a nuevos emprendimientos. \u201cLos negocios cierran, los j\u00f3venes se marchan y los mayores envejecen en barrios cada vez m\u00e1s vac\u00edos\u201d, ha lamentado.<\/p>\n<p style=\"font-weight: 400; text-align: justify;\">Por \u00faltimo, el portavoz socialista ha denunciado la falta de transparencia y participaci\u00f3n ciudadana: \u201cLas decisiones se toman sin di\u00e1logo, sin escuchar a nadie y sin pensar en el futuro demogr\u00e1fico de Santander. As\u00ed no se construye una ciudad viva; se construye una ciudad que se apaga\u201d.<\/p>\n<p style=\"font-weight: 400; text-align: justify;\">\u201cSantander podr\u00eda ser una de las mejores ciudades para vivir en Espa\u00f1a: una ciudad peque\u00f1a, c\u00f3moda, con mar, con monte, con historia y con una forma de vida que muchos querr\u00edan. Tenemos todo para ser una ciudad viva, amable y moderna, y adem\u00e1s contamos con el apoyo del Gobierno de Espa\u00f1a para hacerlo posible. Pero nada de eso sirve si quien gobierna la ciudad no cree en su propio potencial.\u201d<\/p>\n<p style=\"font-weight: 400; text-align: justify;\">\u201cEl PP gobierna para la foto, para el titular y para el turista, pero no para el vecino. Y los resultados est\u00e1n a la vista: menos habitantes, menos j\u00f3venes y menos oportunidades\u201d, ha concluido Fern\u00e1ndez, quien ha reclamado al equipo de Gobierno \u201cuna pol\u00edtica municipal seria, planificada y centrada en recuperar poblaci\u00f3n haciendo que merezca la pena vivir en esta ciudad\u201d.<\/p>\n","protected":false},"excerpt":{"rendered":"<p>El secretario general y portavoz socialista, Daniel Fern\u00e1ndez, ha responsabilizado al Partido Popular de la continua p\u00e9rdida de poblaci\u00f3n en Santander, tras conocerse que la ciudad es la sexta capital de provincia de Espa\u00f1a que m\u00e1s habitantes ha perdido en el \u00faltimo a\u00f1o, con una ca\u00edda del 5,8 %, seg\u00fan los \u00faltimos datos del Instituto [&hellip;]<\/p>\n","protected":false},"author":12,"featured_media":11374,"comment_status":"open","ping_status":"closed","sticky":false,"template":"","format":"standard","meta":{"tdm_status":"","tdm_grid_status":"","footnotes":""},"categories":[20,55],"tags":[],"class_list":["post-11397","post","type-post","status-publish","format-standard","has-post-thumbnail","hentry","category-santander","category-arco-de-la-bahia"],"_links":{"self":[{"href":"https:\/\/www.psc-psoe.es\/index.php\/wp-json\/wp\/v2\/posts\/11397","targetHints":{"allow":["GET"]}}],"collection":[{"href":"https:\/\/www.psc-psoe.es\/index.php\/wp-json\/wp\/v2\/posts"}],"about":[{"href":"https:\/\/www.psc-psoe.es\/index.php\/wp-json\/wp\/v2\/types\/post"}],"author":[{"embeddable":true,"href":"https:\/\/www.psc-psoe.es\/index.php\/wp-json\/wp\/v2\/users\/12"}],"replies":[{"embeddable":true,"href":"https:\/\/www.psc-psoe.es\/index.php\/wp-json\/wp\/v2\/comments?post=11397"}],"version-history":[{"count":1,"href":"https:\/\/www.psc-psoe.es\/index.php\/wp-json\/wp\/v2\/posts\/11397\/revisions"}],"predecessor-version":[{"id":11398,"href":"https:\/\/www.psc-psoe.es\/index.php\/wp-json\/wp\/v2\/posts\/11397\/revisions\/11398"}],"wp:featuredmedia":[{"embeddable":true,"href":"https:\/\/www.psc-psoe.es\/index.php\/wp-json\/wp\/v2\/media\/11374"}],"wp:attachment":[{"href":"https:\/\/www.psc-psoe.es\/index.php\/wp-json\/wp\/v2\/media?parent=11397"}],"wp:term":[{"taxonomy":"category","embeddable":true,"href":"https:\/\/www.psc-psoe.es\/index.php\/wp-json\/wp\/v2\/categories?post=11397"},{"taxonomy":"post_tag","embeddable":true,"href":"https:\/\/www.psc-psoe.es\/index.php\/wp-json\/wp\/v2\/tags?post=11397"}],"curies":[{"name":"wp","href":"https:\/\/api.w.org\/{rel}","templated":true}]}}