{"id":11392,"date":"2025-11-11T13:34:46","date_gmt":"2025-11-11T12:34:46","guid":{"rendered":"https:\/\/www.psc-psoe.es\/?p=11392"},"modified":"2025-11-11T13:34:46","modified_gmt":"2025-11-11T12:34:46","slug":"el-psoe-de-santander-vota-en-contra-de-los-presupuestos-del-pp-para-2026","status":"publish","type":"post","link":"https:\/\/www.psc-psoe.es\/index.php\/2025\/11\/11\/el-psoe-de-santander-vota-en-contra-de-los-presupuestos-del-pp-para-2026\/","title":{"rendered":"El PSOE de Santander vota en contra de los presupuestos del PP para 2026"},"content":{"rendered":"<p style=\"font-weight: 400; text-align: justify;\">El Grupo Municipal Socialista ha votado este martes en contra del Presupuesto del Ayuntamiento de Santander para 2026, presentado por el equipo de Gobierno del Partido Popular, por considerar que se trata de \u201cunas cuentas sin proyecto, sin ambici\u00f3n y sin equilibrio entre barrios\u201d.<\/p>\n<p style=\"font-weight: 400; text-align: justify;\">Durante su intervenci\u00f3n en el Pleno, el portavoz y secretario general del PSOE, Daniel Fern\u00e1ndez, ha afirmado que \u201ceste presupuesto no habla del futuro, ni de transformaci\u00f3n, ni siquiera de ciudad\u201d.<\/p>\n<p style=\"font-weight: 400; text-align: justify;\">\u201cHabla del pasado, de una forma de gobernar que se agota, de una pol\u00edtica sin ambici\u00f3n, sin riesgo y sin alma, que nos est\u00e1 llevando a una decadencia dulce: a una ciudad cada vez m\u00e1s apagada\u201d, ha se\u00f1alado.<\/p>\n<p style=\"font-weight: 400; text-align: justify;\">Fern\u00e1ndez ha criticado que las cuentas del PP, con 265 millones de euros y 27 millones en nuevo endeudamiento bancario, son \u201cel reflejo de una gesti\u00f3n sin prop\u00f3sito, que repite los errores del pasado y que no responde a la gran pregunta: qu\u00e9 quiere ser Santander en los pr\u00f3ximos diez a\u00f1os\u201d.<\/p>\n<p style=\"font-weight: 400; text-align: justify;\">\u201cGobernar no es tramitar. No es gastar lo mismo en los mismos sitios. Gobernar es decidir qu\u00e9 ciudad dejas a los que vienen. Y aqu\u00ed no hay ninguna decisi\u00f3n. Solo rutina\u201d, ha denunciado.<\/p>\n<p style=\"font-weight: 400; text-align: justify;\">El portavoz socialista ha subrayado que Santander \u201cvive atrapada en la inercia\u201d, con un modelo de ciudad \u201ccada vez m\u00e1s desigual y m\u00e1s alejado de su esencia\u201d.<\/p>\n<p style=\"font-weight: 400; text-align: justify;\">\u201cSantander era una ciudad con car\u00e1cter, con identidad, con alma marinera. Hoy vamos camino de ser un decorado de turismo de fin de semana: una ciudad que pone luces, pero no sombra; que invierte en la postal, pero se olvida de la vida\u201d, ha lamentado.<\/p>\n<p style=\"font-weight: 400; text-align: justify;\">En este sentido, Fern\u00e1ndez ha denunciado que \u201clas inversiones se concentran siempre en el eje de los mismos proyectos \u2014Piqu\u00edo, Reina Sof\u00eda, el Frente Mar\u00edtimo\u2014 mientras los barrios de Pe\u00f1acastillo, Monte o Castilla-Hermida siguen esperando\u201d.<\/p>\n<p style=\"font-weight: 400; text-align: justify;\">\u201c\u00bfHasta cu\u00e1ndo va a vivir esta ciudad con un centro que se redecora cada legislatura mientras hay barrios donde no se invierte nada desde hace dos d\u00e9cadas?\u201d, ha preguntado.<\/p>\n<p style=\"font-weight: 400; text-align: justify;\">Los socialistas han criticado tambi\u00e9n \u201cel deterioro de los servicios p\u00fablicos externalizados, la falta de control sobre contratos millonarios como el de limpieza o mantenimiento urbano, y la ausencia de pol\u00edticas activas de vivienda p\u00fablica y alquiler asequible\u201d.<\/p>\n<p style=\"font-weight: 400; text-align: justify;\">\u201cLa Sociedad de Vivienda y Suelo tiene recursos, pero no voluntad. Ni un solo piso de alquiler asequible, ni un plan de rehabilitaci\u00f3n de barrios vulnerables, ni una estrategia frente a los pisos vac\u00edos. La vivienda se ha convertido en el gran agujero negro de esta ciudad\u201d, ha denunciado Fern\u00e1ndez.<\/p>\n<p style=\"font-weight: 400; text-align: justify;\">Frente a este modelo, el PSOE ha defendido su enmienda a la totalidad y las m\u00e1s de 50 enmiendas parciales presentadas, que dibujan una alternativa \u201c\u00fatil, progresista y transformadora\u201d. Estas propuestas movilizan m\u00e1s de 31 millones de euros en inversiones, con medidas para crear un parque p\u00fablico de vivienda en alquiler, reforzar los servicios sociales y los cuidados, abrir guarder\u00edas municipales, modernizar rampas y escaleras mec\u00e1nicas, ampliar las l\u00edneas del TUS, impulsar el plan \u201cSantander m\u00e1s verde\u201d y poner en marcha un plan de inversi\u00f3n territorializada por barrios.<\/p>\n<p style=\"font-weight: 400; text-align: justify;\">Adem\u00e1s, el Grupo Socialista ha propuesto la implantaci\u00f3n de una tasa tur\u00edstica para financiar la cultura, la sostenibilidad y el mantenimiento del espacio p\u00fablico \u201csin cargar m\u00e1s sobre los vecinos\u201d.<\/p>\n<p style=\"font-weight: 400; text-align: justify;\">\u201cEste presupuesto es la confirmaci\u00f3n de que ustedes quieren que todo siga igual. Pero igual no significa bien. Igual significa m\u00e1s lento, m\u00e1s viejo, m\u00e1s injusto\u201d, ha concluido Daniel Fern\u00e1ndez.<\/p>\n<p style=\"font-weight: 400; text-align: justify;\">\u201cSantander no puede conformarse con sobrevivir. Tiene que volver a vivir, a so\u00f1ar y a crecer. Para todos, no para unos pocos.\u201d<\/p>\n","protected":false},"excerpt":{"rendered":"<p>El Grupo Municipal Socialista ha votado este martes en contra del Presupuesto del Ayuntamiento de Santander para 2026, presentado por el equipo de Gobierno del Partido Popular, por considerar que se trata de \u201cunas cuentas sin proyecto, sin ambici\u00f3n y sin equilibrio entre barrios\u201d. Durante su intervenci\u00f3n en el Pleno, el portavoz y secretario general [&hellip;]<\/p>\n","protected":false},"author":12,"featured_media":11175,"comment_status":"open","ping_status":"closed","sticky":false,"template":"","format":"standard","meta":{"tdm_status":"","tdm_grid_status":"","footnotes":""},"categories":[20],"tags":[],"class_list":["post-11392","post","type-post","status-publish","format-standard","has-post-thumbnail","hentry","category-santander"],"_links":{"self":[{"href":"https:\/\/www.psc-psoe.es\/index.php\/wp-json\/wp\/v2\/posts\/11392","targetHints":{"allow":["GET"]}}],"collection":[{"href":"https:\/\/www.psc-psoe.es\/index.php\/wp-json\/wp\/v2\/posts"}],"about":[{"href":"https:\/\/www.psc-psoe.es\/index.php\/wp-json\/wp\/v2\/types\/post"}],"author":[{"embeddable":true,"href":"https:\/\/www.psc-psoe.es\/index.php\/wp-json\/wp\/v2\/users\/12"}],"replies":[{"embeddable":true,"href":"https:\/\/www.psc-psoe.es\/index.php\/wp-json\/wp\/v2\/comments?post=11392"}],"version-history":[{"count":1,"href":"https:\/\/www.psc-psoe.es\/index.php\/wp-json\/wp\/v2\/posts\/11392\/revisions"}],"predecessor-version":[{"id":11393,"href":"https:\/\/www.psc-psoe.es\/index.php\/wp-json\/wp\/v2\/posts\/11392\/revisions\/11393"}],"wp:featuredmedia":[{"embeddable":true,"href":"https:\/\/www.psc-psoe.es\/index.php\/wp-json\/wp\/v2\/media\/11175"}],"wp:attachment":[{"href":"https:\/\/www.psc-psoe.es\/index.php\/wp-json\/wp\/v2\/media?parent=11392"}],"wp:term":[{"taxonomy":"category","embeddable":true,"href":"https:\/\/www.psc-psoe.es\/index.php\/wp-json\/wp\/v2\/categories?post=11392"},{"taxonomy":"post_tag","embeddable":true,"href":"https:\/\/www.psc-psoe.es\/index.php\/wp-json\/wp\/v2\/tags?post=11392"}],"curies":[{"name":"wp","href":"https:\/\/api.w.org\/{rel}","templated":true}]}}