{"id":11382,"date":"2025-11-10T13:01:47","date_gmt":"2025-11-10T12:01:47","guid":{"rendered":"https:\/\/www.psc-psoe.es\/?p=11382"},"modified":"2025-11-10T13:01:47","modified_gmt":"2025-11-10T12:01:47","slug":"garcia-onandia-mas-impuestos-mismos-servicios","status":"publish","type":"post","link":"https:\/\/www.psc-psoe.es\/index.php\/2025\/11\/10\/garcia-onandia-mas-impuestos-mismos-servicios\/","title":{"rendered":"Garc\u00eda Onand\u00eda: \u201cM\u00e1s impuestos, mismos  servicios\u201d"},"content":{"rendered":"<p style=\"text-align: justify;\">El equipo de gobierno municipal (PP-Vox) aprueba un<br \/>\npresupuesto con subidas de tasas e impuestos en diversos<br \/>\n\u00e1mbitos, llegando alguna de ellas a ser del 20%.<\/p>\n<p style=\"text-align: justify;\">\nTras la celebraci\u00f3n del pleno extraordinario del Ayuntamiento de Santa<br \/>\nCruz de Bezana, en el que se ha aprobado el presupuesto general para el<br \/>\na\u00f1o 2026, una cosa ha quedado: La ciudadan\u00eda va a pagar m\u00e1s por los<br \/>\nmismos servicios.<\/p>\n<p style=\"text-align: justify;\">\nAs\u00ed lo ha confirmado el portavoz del grupo municipal, Alberto Garc\u00eda<br \/>\nOnand\u00eda, que ha destacado, entre otros, la subida del recibo del agua y<br \/>\nalcantarillado en un 2,7% o el impuesto sobre construcciones,<br \/>\ninstalaciones y obras (Icio) y la tasa por la prestaci\u00f3n de servicios<br \/>\nurban\u00edsticos (Turb), en un 20%.<\/p>\n<p style=\"text-align: justify;\">\n\u201cEl resumen del Pleno es que aprueban un presupuesto donde van a subir<br \/>\nm\u00e1s los impuestos y tasas para cubrir los mismos servicios. Esto, a pesar<br \/>\nde que no se tiene ninguna necesidad de hacerlo en un momento, como el<br \/>\nactual, donde a\u00fan se cuenta con tesorer\u00eda y, sin embargo, los suben. Entre<br \/>\nellos, las tasas e impuestos que tienen que ver con la construcci\u00f3n y obras,<br \/>\nlo que encarecer\u00e1 el precio de la vivienda, tanto para su compra como<br \/>\npara su reforma, en un momento donde el acceso a ella sigue siendo uno<br \/>\nde los principales problemas de nuestros vecinos\u201d, denuncia Garc\u00eda<br \/>\nOnand\u00eda.<br \/>\nNo es el \u00fanico apartado llamativo de lo que el propio equipo de gobierno<br \/>\nha calificado de \u201cpresupuesto continuista\u201d, reflejando la nula ambici\u00f3n de<br \/>\nmejora, para un municipio en pleno crecimiento. Cabe destacar que,<br \/>\naunque el presupuesto aumenta casi un 11%, la cuant\u00eda de las inversiones<br \/>\nes similar a la del a\u00f1o 2022.<\/p>\n<p style=\"text-align: justify;\">\nUna falta de ambici\u00f3n que el portavoz socialista resumi\u00f3 de la siguiente<br \/>\nmanera: \u201cPareciera que el \u00fanico que se va a beneficiar de las inversiones<br \/>\ndel ayuntamiento vaya a ser el comercial de la inmobiliaria que ya nos ha<br \/>\ncolocado la piscina y el antiguo \u201c call center \u201d de Bezana Lago\u201d.<br \/>\nEl equipo de gobierno defiende sus \u201cajustes\u201d presupuestarios<br \/>\nLa alcaldesa ha cedido la palabra a sus concejales para que justificaran las<br \/>\ndudas que las partidas presupuestarias han generado a los partidos de la<br \/>\noposici\u00f3n.<\/p>\n<p style=\"text-align: justify;\">\nDe esta manera, se ha justificado la bajada de la partida para el<br \/>\nmantenimiento de jardines y parques infantiles, alegando que \u201cya se hab\u00eda<br \/>\ninvertido suficiente en a\u00f1os anteriores\u201d.<\/p>\n<p style=\"text-align: justify;\">Asimismo, la concejal\u00eda de Festejos, que aumenta su presupuesto al<br \/>\ndesligar la instalaci\u00f3n de carpas en una nueva partida, ha reconocido que<br \/>\nlas fiestas populares del municipio cada vez son menos atractivas,<br \/>\nampar\u00e1ndose en que: \u201cvienen menos vecinos de otros municipios\u201d.<\/p>\n<p style=\"text-align: justify;\">La concejal\u00eda de Turismo, a su vez, ha querido hacer ver que el \u00e9xito de las<br \/>\nactividades que desarrolla, tampoco responden a las visitas de personas a<br \/>\nlas mismas, que languidecen cada vez m\u00e1s, sino al n\u00famero de<br \/>\ninteracciones en redes sociales que generan, lo que, a juicio de los<br \/>\nsocialistas: \u201cDemuestra, una vez m\u00e1s, lo alejado de la sociedad que vive el<br \/>\nequipo de gobierno (PP-Vox)\u201d, concluy\u00f3 Garc\u00eda Onand\u00eda.<\/p>\n","protected":false},"excerpt":{"rendered":"<p>El equipo de gobierno municipal (PP-Vox) aprueba un presupuesto con subidas de tasas e impuestos en diversos \u00e1mbitos, llegando alguna de ellas a ser del 20%. Tras la celebraci\u00f3n del pleno extraordinario del Ayuntamiento de Santa Cruz de Bezana, en el que se ha aprobado el presupuesto general para el a\u00f1o 2026, una cosa ha [&hellip;]<\/p>\n","protected":false},"author":12,"featured_media":11383,"comment_status":"open","ping_status":"closed","sticky":false,"template":"","format":"standard","meta":{"tdm_status":"","tdm_grid_status":"","footnotes":""},"categories":[55],"tags":[],"class_list":["post-11382","post","type-post","status-publish","format-standard","has-post-thumbnail","hentry","category-arco-de-la-bahia"],"_links":{"self":[{"href":"https:\/\/www.psc-psoe.es\/index.php\/wp-json\/wp\/v2\/posts\/11382","targetHints":{"allow":["GET"]}}],"collection":[{"href":"https:\/\/www.psc-psoe.es\/index.php\/wp-json\/wp\/v2\/posts"}],"about":[{"href":"https:\/\/www.psc-psoe.es\/index.php\/wp-json\/wp\/v2\/types\/post"}],"author":[{"embeddable":true,"href":"https:\/\/www.psc-psoe.es\/index.php\/wp-json\/wp\/v2\/users\/12"}],"replies":[{"embeddable":true,"href":"https:\/\/www.psc-psoe.es\/index.php\/wp-json\/wp\/v2\/comments?post=11382"}],"version-history":[{"count":1,"href":"https:\/\/www.psc-psoe.es\/index.php\/wp-json\/wp\/v2\/posts\/11382\/revisions"}],"predecessor-version":[{"id":11384,"href":"https:\/\/www.psc-psoe.es\/index.php\/wp-json\/wp\/v2\/posts\/11382\/revisions\/11384"}],"wp:featuredmedia":[{"embeddable":true,"href":"https:\/\/www.psc-psoe.es\/index.php\/wp-json\/wp\/v2\/media\/11383"}],"wp:attachment":[{"href":"https:\/\/www.psc-psoe.es\/index.php\/wp-json\/wp\/v2\/media?parent=11382"}],"wp:term":[{"taxonomy":"category","embeddable":true,"href":"https:\/\/www.psc-psoe.es\/index.php\/wp-json\/wp\/v2\/categories?post=11382"},{"taxonomy":"post_tag","embeddable":true,"href":"https:\/\/www.psc-psoe.es\/index.php\/wp-json\/wp\/v2\/tags?post=11382"}],"curies":[{"name":"wp","href":"https:\/\/api.w.org\/{rel}","templated":true}]}}