{"id":11367,"date":"2025-11-06T14:47:08","date_gmt":"2025-11-06T13:47:08","guid":{"rendered":"https:\/\/www.psc-psoe.es\/?p=11367"},"modified":"2025-11-06T14:47:08","modified_gmt":"2025-11-06T13:47:08","slug":"casares-afirma-que-el-psoe-no-puede-apoyar-unos-presupuestos-de-un-gobierno-del-pp-que-esta-privatizando-los-servicios-publicos","status":"publish","type":"post","link":"https:\/\/www.psc-psoe.es\/index.php\/2025\/11\/06\/casares-afirma-que-el-psoe-no-puede-apoyar-unos-presupuestos-de-un-gobierno-del-pp-que-esta-privatizando-los-servicios-publicos\/","title":{"rendered":"Casares afirma que el PSOE no puede apoyar unos presupuestos de un Gobierno del PP que \u201cest\u00e1 privatizando los servicios p\u00fablicos\u201d"},"content":{"rendered":"<p>El secretario general del PSOE de Cantabria, Pedro Casares, ha afirmado que su partido no puede apoyar el proyecto de Presupuestos Generales de Cantabria de un Gobierno del PP de Mar\u00eda Jos\u00e9 S\u00e1enz de Buruaga que \u201cest\u00e1 privatizando los servicios p\u00fablicos\u201d.<\/p>\n<p>Casares ha criticado que los \u2018populares\u2019 hayan pedido el apoyo a esas cuentas de los grupos parlamentarios \u201csin que conociesen el presupuesto\u201d y ha se\u00f1alado que el portavoz parlamentario del PSOE, Mario Iglesias, ha acudido a la reuni\u00f3n con el PP \u201cpor responsabilidad\u201d y porque \u201csomos un partido serio\u201d.<\/p>\n<p>No obstante, el l\u00edder socialista ha considerado que desde el PP solo ha citado al PSOE a esa ronda de contactos porque \u201cest\u00e1 viendo las orejas al lobo\u201d y \u201cparece que no van a poder aprobar el presupuesto\u201d. \u201cEste a\u00f1o nos ha llamado cuando otros a\u00f1os no lo ha hecho porque ya ten\u00eda acordado el presupuesto con el PRC\u201d, ha a\u00f1adido.<\/p>\n<p>Casares ha lamentado que el PP haya presentado estos presupuestos \u201csin tener los apoyos necesarios\u201d para sacarlos adelante. \u201cEs la primera vez que ocurre en la comunidad aut\u00f3noma y puede ser la primera vez en 30 a\u00f1os que no se aprueben los presupuestos y eso es responsabilidad del PP\u201d, ha apuntado.<\/p>\n<p>El secretario general del PSOE ha reiterado que los \u2018populares\u2019 no s\u00f3lo no han trabajado de \u201cforma seria\u201d con el asunto de las cuentas auton\u00f3micas para 2026 sino que incluso, cuando fueron conscientes de que el PRC podr\u00eda no apoyarles, trataron de \u201chacer rehenes a los alcaldes\u201d, con el \u201cchantaje\u201d de Buruaga en la Asamblea de la Federaci\u00f3n de Municipios de Cantabria para que \u201cpresionasen a sus partidos\u201d porque, de lo contrario, \u201clos proyectos de sus ayuntamientos no se iba a hacer realidad\u201d.<\/p>\n<p>En cuanto al contenido de las cuentas, Casares ha afirmado que el presupuesto de Cantabria para 2026 crece porque \u201cel Gobierno de Espa\u00f1a est\u00e1 transfiriendo m\u00e1s recursos que nunca a Cantabria\u201d pero lo importante es a qu\u00e9 se dedica ese dinero y \u201clo que vemos sistem\u00e1ticamente es que se dedica dinero p\u00fablico a servicios que acaban en manos privadas\u201d.<\/p>\n<p>\u201cEl ejemplo m\u00e1s claro es la privatizaci\u00f3n encubierta de actividad sanitaria p\u00fablica con Santa Clotilde. C\u00f3mo vamos a estar de acuerdo con unos presupuestos que en los pr\u00f3ximos 15 a\u00f1os van a dedicar m\u00e1s de 200 millones de euros a la sanidad privada de Cantabria\u201d, ha manifestado el dirigente socialista.<\/p>\n<p>Y, al respecto, tambi\u00e9n ha advertido que en este asunto \u201cllueve sobre mojado\u201d porque la actual presidenta \u201cfue la vicepresidenta que, durante la legislatura 2011-2015, privatiz\u00f3 Valdecilla\u201d. \u201cElla firm\u00f3 el contrato de privatizaci\u00f3n por 20 a\u00f1os por 900 millones de euros\u201d de Valdecilla y ahora lo est\u00e1 haciendo lo mismo, privatizando servicio con Santa Clotilde\u201d, ha advertido.<\/p>\n<p>Casares ha afirmado que eso que ocurre en materia sanitaria tambi\u00e9n \u201cocurre en muchas partidas\u201d de otras \u00e1reas del gobierno y \u201cel Partido Socialista no est\u00e1 de acuerdo\u201d.<\/p>\n<p>Contradicciones del PP en sus acuerdos con extrema derecha<\/p>\n<p>Por otro lado, ha expresado su preocupaci\u00f3n por los acuerdos del PP con Vox. \u201cNo s\u00e9 si Vox va a aprobar los presupuestos de Cantabria o no, pero estoy muy preocupado por la pol\u00edtica y la deriva del Partido Popular y sus contradicciones\u201d, ha dicho Casares.<\/p>\n<p>As\u00ed, Casares se ha referido a que el PP quiera llegar a un acuerdo con Vox para \u201cque no hablen los valencianos\u201d en las urnas y no haya hecho los mismo en Extremadura, donde los \u2018populares\u2019 han convocado elecciones auton\u00f3micas para el 21 de diciembre en lugar que \u201cllegar a un acuerdo con Vox\u201d para aprobar los presupuestos.<\/p>\n<p>\u201cEl Partido Popular no est\u00e1 pensando en los intereses de Valencia, de Extremadura o de Cantabria. Est\u00e1 pensando en sus intereses y, si aqu\u00ed ma\u00f1ana puede aprobar los presupuestos con Vox, pues adelante y, donde no pueden, convocan elecciones como en Extremadura\u201d, ha criticado el secretario general del PSOE de Cantabria.<\/p>\n<p>Para finalizar, ha cuestionado \u201cesas pol\u00edticas del PP con la extrema derecha\u201d. \u201cA nosotros nos preocupa mucho y Cantabria es un ejemplo tambi\u00e9n de que son muy rehenes de esos acuerdos con la extrema derecha\u201d, ha concluido.<\/p>\n","protected":false},"excerpt":{"rendered":"<p>El secretario general del PSOE de Cantabria, Pedro Casares, ha afirmado que su partido no puede apoyar el proyecto de Presupuestos Generales de Cantabria de un Gobierno del PP de Mar\u00eda Jos\u00e9 S\u00e1enz de Buruaga que \u201cest\u00e1 privatizando los servicios p\u00fablicos\u201d. Casares ha criticado que los \u2018populares\u2019 hayan pedido el apoyo a esas cuentas de [&hellip;]<\/p>\n","protected":false},"author":12,"featured_media":11368,"comment_status":"open","ping_status":"closed","sticky":false,"template":"","format":"standard","meta":{"tdm_status":"","tdm_grid_status":"","footnotes":""},"categories":[14,24,420,25],"tags":[],"class_list":["post-11367","post","type-post","status-publish","format-standard","has-post-thumbnail","hentry","category-notas-de-prensa","category-partido","category-pedro-casares","category-actualidad"],"_links":{"self":[{"href":"https:\/\/www.psc-psoe.es\/index.php\/wp-json\/wp\/v2\/posts\/11367","targetHints":{"allow":["GET"]}}],"collection":[{"href":"https:\/\/www.psc-psoe.es\/index.php\/wp-json\/wp\/v2\/posts"}],"about":[{"href":"https:\/\/www.psc-psoe.es\/index.php\/wp-json\/wp\/v2\/types\/post"}],"author":[{"embeddable":true,"href":"https:\/\/www.psc-psoe.es\/index.php\/wp-json\/wp\/v2\/users\/12"}],"replies":[{"embeddable":true,"href":"https:\/\/www.psc-psoe.es\/index.php\/wp-json\/wp\/v2\/comments?post=11367"}],"version-history":[{"count":1,"href":"https:\/\/www.psc-psoe.es\/index.php\/wp-json\/wp\/v2\/posts\/11367\/revisions"}],"predecessor-version":[{"id":11369,"href":"https:\/\/www.psc-psoe.es\/index.php\/wp-json\/wp\/v2\/posts\/11367\/revisions\/11369"}],"wp:featuredmedia":[{"embeddable":true,"href":"https:\/\/www.psc-psoe.es\/index.php\/wp-json\/wp\/v2\/media\/11368"}],"wp:attachment":[{"href":"https:\/\/www.psc-psoe.es\/index.php\/wp-json\/wp\/v2\/media?parent=11367"}],"wp:term":[{"taxonomy":"category","embeddable":true,"href":"https:\/\/www.psc-psoe.es\/index.php\/wp-json\/wp\/v2\/categories?post=11367"},{"taxonomy":"post_tag","embeddable":true,"href":"https:\/\/www.psc-psoe.es\/index.php\/wp-json\/wp\/v2\/tags?post=11367"}],"curies":[{"name":"wp","href":"https:\/\/api.w.org\/{rel}","templated":true}]}}