{"id":11346,"date":"2025-11-04T13:30:55","date_gmt":"2025-11-04T12:30:55","guid":{"rendered":"https:\/\/www.psc-psoe.es\/?p=11346"},"modified":"2025-11-04T13:30:55","modified_gmt":"2025-11-04T12:30:55","slug":"el-psoe-de-santander-exige-al-pp-que-cumpla-el-acuerdo-plenario-sobre-los-puntos-violeta","status":"publish","type":"post","link":"https:\/\/www.psc-psoe.es\/index.php\/2025\/11\/04\/el-psoe-de-santander-exige-al-pp-que-cumpla-el-acuerdo-plenario-sobre-los-puntos-violeta\/","title":{"rendered":"El PSOE de Santander exige al PP que cumpla el acuerdo plenario sobre los puntos violeta"},"content":{"rendered":"<p>El Grupo Municipal Socialista ha registrado una pregunta al pr\u00f3ximo Pleno del Ayuntamiento de Santander para exigir al equipo de Gobierno del Partido Popular que rinda cuentas sobre el desarrollo y la evaluaci\u00f3n del programa de puntos violeta durante el a\u00f1o 2025.<\/p>\n<p>La concejala y portavoz adjunta del PSOE, To\u00f1i Mora, ha recordado que la moci\u00f3n socialista aprobada en mayo de 2024 inclu\u00eda la creaci\u00f3n de una red municipal de puntos violeta en Santander, que involucraba a comercios, asociaciones y centros educativos, con el objetivo de ofrecer espacios seguros frente a situaciones de acoso o violencia machista.<\/p>\n<p>\u201cQueremos saber cu\u00e1ntos puntos se han instalado, d\u00f3nde, durante cu\u00e1nto tiempo han funcionado y cu\u00e1ntas personas han sido atendidas\u201d, ha se\u00f1alado Mora.<\/p>\n<p>Para la edil socialista, \u201cun a\u00f1o y medio despu\u00e9s, exigimos informaci\u00f3n p\u00fablica y balance de resultados, que demuestren seguimiento por parte del PP de la moci\u00f3n aprobada\u201d.<\/p>\n<p>\u201cEl Ayuntamiento tiene la obligaci\u00f3n de garantizar pol\u00edticas estables de prevenci\u00f3n y atenci\u00f3n frente a la violencia machista, no actuaciones puntuales que s\u00f3lo sirven en todo caso para la foto\u201d, ha advertido.<\/p>\n<p>El PSOE defiende consolidar una red permanente de puntos violeta activa todo el a\u00f1o, especialmente los fines de semana en zonas de ocio juvenil como Ca\u00f1ad\u00edo o R\u00edo de la Pila, y reforzar la colaboraci\u00f3n con centros educativos y establecimientos hosteleros.<\/p>\n<p>\u201cSolo con continuidad, formaci\u00f3n y coordinaci\u00f3n lograremos que Santander sea una ciudad verdaderamente segura y libre de violencias\u201d, ha concluido Mora.<\/p>\n","protected":false},"excerpt":{"rendered":"<p>El Grupo Municipal Socialista ha registrado una pregunta al pr\u00f3ximo Pleno del Ayuntamiento de Santander para exigir al equipo de Gobierno del Partido Popular que rinda cuentas sobre el desarrollo y la evaluaci\u00f3n del programa de puntos violeta durante el a\u00f1o 2025. La concejala y portavoz adjunta del PSOE, To\u00f1i Mora, ha recordado que la [&hellip;]<\/p>\n","protected":false},"author":12,"featured_media":11347,"comment_status":"open","ping_status":"closed","sticky":false,"template":"","format":"standard","meta":{"tdm_status":"","tdm_grid_status":"","footnotes":""},"categories":[20],"tags":[],"class_list":["post-11346","post","type-post","status-publish","format-standard","has-post-thumbnail","hentry","category-santander"],"_links":{"self":[{"href":"https:\/\/www.psc-psoe.es\/index.php\/wp-json\/wp\/v2\/posts\/11346","targetHints":{"allow":["GET"]}}],"collection":[{"href":"https:\/\/www.psc-psoe.es\/index.php\/wp-json\/wp\/v2\/posts"}],"about":[{"href":"https:\/\/www.psc-psoe.es\/index.php\/wp-json\/wp\/v2\/types\/post"}],"author":[{"embeddable":true,"href":"https:\/\/www.psc-psoe.es\/index.php\/wp-json\/wp\/v2\/users\/12"}],"replies":[{"embeddable":true,"href":"https:\/\/www.psc-psoe.es\/index.php\/wp-json\/wp\/v2\/comments?post=11346"}],"version-history":[{"count":1,"href":"https:\/\/www.psc-psoe.es\/index.php\/wp-json\/wp\/v2\/posts\/11346\/revisions"}],"predecessor-version":[{"id":11348,"href":"https:\/\/www.psc-psoe.es\/index.php\/wp-json\/wp\/v2\/posts\/11346\/revisions\/11348"}],"wp:featuredmedia":[{"embeddable":true,"href":"https:\/\/www.psc-psoe.es\/index.php\/wp-json\/wp\/v2\/media\/11347"}],"wp:attachment":[{"href":"https:\/\/www.psc-psoe.es\/index.php\/wp-json\/wp\/v2\/media?parent=11346"}],"wp:term":[{"taxonomy":"category","embeddable":true,"href":"https:\/\/www.psc-psoe.es\/index.php\/wp-json\/wp\/v2\/categories?post=11346"},{"taxonomy":"post_tag","embeddable":true,"href":"https:\/\/www.psc-psoe.es\/index.php\/wp-json\/wp\/v2\/tags?post=11346"}],"curies":[{"name":"wp","href":"https:\/\/api.w.org\/{rel}","templated":true}]}}