{"id":11303,"date":"2025-10-29T09:49:45","date_gmt":"2025-10-29T08:49:45","guid":{"rendered":"https:\/\/www.psc-psoe.es\/?p=11303"},"modified":"2025-10-28T17:55:47","modified_gmt":"2025-10-28T16:55:47","slug":"el-psoe-de-polanco-propone-crear-una-plaza-y-adquirir-la-casa-natal-de-pereda-en-contraposicion-al-monumento-al-despilfarro-de-la-alcaldesa-en-prado-infante","status":"publish","type":"post","link":"https:\/\/www.psc-psoe.es\/index.php\/2025\/10\/29\/el-psoe-de-polanco-propone-crear-una-plaza-y-adquirir-la-casa-natal-de-pereda-en-contraposicion-al-monumento-al-despilfarro-de-la-alcaldesa-en-prado-infante\/","title":{"rendered":"El PSOE de Polanco propone crear una plaza y adquirir la Casa Natal de Pereda en contraposici\u00f3n \u201cal monumento al despilfarro\u201d de la alcaldesa en \u201cPrado Infante\u201d"},"content":{"rendered":"<p style=\"text-align: justify;\">El PSOE de Polanco ha propuesto crear una c\u00e9ntrica plaza de 3.000 m\u00b2 con aparcamientos frente al Ayuntamiento \u201cpara que se convierta en un lugar de encuentro social\u201d, en contraposici\u00f3n al \u201cPrado Infante\u201d, proyecto que tachan de \u201cmonumento al despilfarro\u201d y con el que insiste desde 2017 la alcaldesa, Rosa D\u00edaz.<\/p>\n<p style=\"text-align: justify;\">Seg\u00fan ha explicado el Secretario General de la agrupaci\u00f3n socialista polanquina, Rub\u00e9n Garc\u00eda, \u201cllevamos tiempo denunciando el derroche que supone esta obra fara\u00f3nica\u201d. Por ello, ha explicado que proponen \u201cuna alternativa m\u00e1s barata y necesaria que, a la vez, preserva la historia de nuestro municipio y nuestra identidad\u201d.<\/p>\n<p style=\"text-align: justify;\">Bajo el lema: \u201cLa plaza que necesitas, no la que pagas t\u00fa y presume la alcaldesa\u201d, la agrupaci\u00f3n socialista ha iniciado una campa\u00f1a para promover esta propuesta \u201csensata y m\u00e1s econ\u00f3mica\u201d como la alternativa necesaria frente \u201cPrado Infante\u201d, un proyecto que consideran \u201cun capricho de un gobierno local que no escucha ni atiende a razones\u201d.<\/p>\n<p style=\"text-align: justify;\">\u201cCreemos que este espacio permitir\u00e1 reunir a los vecinos y vecinas en un d\u00eda cotidiano y tambi\u00e9n desarrollar celebraciones y eventos, sin necesidad de ocupar carreteras para improvisar escenarios de baile\u201d\u00a0 ha explicado Garc\u00eda.<\/p>\n<p style=\"text-align: justify;\">La propuesta incluye adquirir y proteger la Casa Natal de Pereda y su jard\u00edn, de m\u00e1s de 6.000 m\u00b2 de espacios verdes, para disfrute de todos los polanquinos y polanquinas y una plaza c\u00e9ntrica de 3.000 m\u00b2 con aparcamientos frente al ayuntamiento.<\/p>\n<p style=\"text-align: justify;\">\u201cLa casa natal de Pereda es un s\u00edmbolo de Polanco y defender los intereses de nuestro municipio es luchar para que esta casa y su jard\u00edn sean p\u00fablicos\u201d, ha manifestado Garc\u00eda, quien ha remarcado la importancia hist\u00f3rica de este inmueble que ha sido puesto a la venta por los herederos del escritor.<\/p>\n<p style=\"text-align: justify;\">Asimismo, para el Secretario General el proyecto que proponen contempla\u00a0 \u201cuna plaza viva, un jard\u00edn hist\u00f3rico y un lugar de promoci\u00f3n cultural por mucho menos de lo que cuestan las promesas vac\u00edas del equipo de gobierno del Ayuntamiento de Polanco\u201d.<\/p>\n<p style=\"text-align: justify;\">Seg\u00fan Garc\u00eda, en 2017 la Alcaldesa del PRC present\u00f3 este \u201cmegaproyecto desproporcionado y caro\u201d que y asciende a\u00a0\u00a02,5 millones de euros y a\u00fan no ha empezado. \u201cTodos los a\u00f1os sacan un avance nuevo con\u00a0un presupuesto que no deja de crecer y que ya supone un incremento de 1,7 millones m\u00e1s de lo anunciado inicialmente\u201d explica el responsable de la agrupaci\u00f3n del PSOE.<\/p>\n<p style=\"text-align: justify;\">\u201cEstamos a tiempo de que se hagan las cosas de manera m\u00e1s sensata, con nuestra propuesta los vecinos y vecinas tendr\u00edan lo que necesitan y merecen: preservar su historia y un lugar donde encontrarse y socializar\u201d \u00a0concluye.<\/p>\n<p>&nbsp;<\/p>\n<p>&nbsp;<\/p>\n<p>&nbsp;<\/p>\n<p>&nbsp;<\/p>\n","protected":false},"excerpt":{"rendered":"<p>El PSOE de Polanco ha propuesto crear una c\u00e9ntrica plaza de 3.000 m\u00b2 con aparcamientos frente al Ayuntamiento \u201cpara que se convierta en un lugar de encuentro social\u201d, en contraposici\u00f3n al \u201cPrado Infante\u201d, proyecto que tachan de \u201cmonumento al despilfarro\u201d y con el que insiste desde 2017 la alcaldesa, Rosa D\u00edaz. Seg\u00fan ha explicado el [&hellip;]<\/p>\n","protected":false},"author":12,"featured_media":11304,"comment_status":"open","ping_status":"closed","sticky":false,"template":"","format":"standard","meta":{"tdm_status":"","tdm_grid_status":"","footnotes":""},"categories":[33],"tags":[],"class_list":["post-11303","post","type-post","status-publish","format-standard","has-post-thumbnail","hentry","category-besaya"],"_links":{"self":[{"href":"https:\/\/www.psc-psoe.es\/index.php\/wp-json\/wp\/v2\/posts\/11303","targetHints":{"allow":["GET"]}}],"collection":[{"href":"https:\/\/www.psc-psoe.es\/index.php\/wp-json\/wp\/v2\/posts"}],"about":[{"href":"https:\/\/www.psc-psoe.es\/index.php\/wp-json\/wp\/v2\/types\/post"}],"author":[{"embeddable":true,"href":"https:\/\/www.psc-psoe.es\/index.php\/wp-json\/wp\/v2\/users\/12"}],"replies":[{"embeddable":true,"href":"https:\/\/www.psc-psoe.es\/index.php\/wp-json\/wp\/v2\/comments?post=11303"}],"version-history":[{"count":2,"href":"https:\/\/www.psc-psoe.es\/index.php\/wp-json\/wp\/v2\/posts\/11303\/revisions"}],"predecessor-version":[{"id":11306,"href":"https:\/\/www.psc-psoe.es\/index.php\/wp-json\/wp\/v2\/posts\/11303\/revisions\/11306"}],"wp:featuredmedia":[{"embeddable":true,"href":"https:\/\/www.psc-psoe.es\/index.php\/wp-json\/wp\/v2\/media\/11304"}],"wp:attachment":[{"href":"https:\/\/www.psc-psoe.es\/index.php\/wp-json\/wp\/v2\/media?parent=11303"}],"wp:term":[{"taxonomy":"category","embeddable":true,"href":"https:\/\/www.psc-psoe.es\/index.php\/wp-json\/wp\/v2\/categories?post=11303"},{"taxonomy":"post_tag","embeddable":true,"href":"https:\/\/www.psc-psoe.es\/index.php\/wp-json\/wp\/v2\/tags?post=11303"}],"curies":[{"name":"wp","href":"https:\/\/api.w.org\/{rel}","templated":true}]}}