{"id":11279,"date":"2025-10-23T10:45:15","date_gmt":"2025-10-23T09:45:15","guid":{"rendered":"https:\/\/www.psc-psoe.es\/?p=11279"},"modified":"2025-10-23T10:45:15","modified_gmt":"2025-10-23T09:45:15","slug":"el-psoe-denuncia-que-seis-meses-despues-de-aprobarse-el-nuevo-callejero-la-alcaldesa-sigue-sin-cumplir-la-ley","status":"publish","type":"post","link":"https:\/\/www.psc-psoe.es\/index.php\/2025\/10\/23\/el-psoe-denuncia-que-seis-meses-despues-de-aprobarse-el-nuevo-callejero-la-alcaldesa-sigue-sin-cumplir-la-ley\/","title":{"rendered":"El PSOE denuncia que seis meses despu\u00e9s de aprobarse el nuevo callejero, la alcaldesa sigue sin cumplir la Ley"},"content":{"rendered":"<p style=\"font-weight: 400; text-align: justify;\">El PSOE Santander denuncia que, medio a\u00f1o despu\u00e9s de aprobarse el nuevo callejero, la alcaldesa Gema Igual y su equipo del Partido Popular siguen sin ejecutar una parte sustancial de los cambios obligados por la Ley de Memoria Democr\u00e1tica.<\/p>\n<p style=\"font-weight: 400; text-align: justify;\">\u201cEl cumplimiento de la ley no es una opci\u00f3n ni un tr\u00e1mite menor. Es una obligaci\u00f3n legal y un deber democr\u00e1tico. Y la alcaldesa ya fue advertida por la Fiscal\u00eda por su desobediencia\u201d, ha se\u00f1alado el portavoz socialista, Daniel Fern\u00e1ndez.<\/p>\n<p style=\"font-weight: 400; text-align: justify;\">Desde el PSOE recuerdan que el cambio del callejero no se impuls\u00f3 por convicci\u00f3n democr\u00e1tica, sino porque la Fiscal\u00eda tuvo que intervenir tras meses de inacci\u00f3n. \u201cGracias a esa presi\u00f3n, se aprob\u00f3 en abril la modificaci\u00f3n de calles que a\u00fan homenajeaban a la dictadura franquista. Pero a d\u00eda de hoy, muchas placas siguen exactamente igual\u201d, ha denunciado Fern\u00e1ndez.<\/p>\n<p style=\"font-weight: 400; text-align: justify;\">\u201cNos preguntamos con absoluta preocupaci\u00f3n: \u00bfa qu\u00e9 espera la alcaldesa? \u00bfA que la Fiscal\u00eda vuelva a intervenir? \u00bfA que volvamos a ver a Santander en los titulares por incumplir una ley como la de Memoria Democr\u00e1tica, que parte de una necesidad de reconocimiento a los Derechos Humanos seg\u00fan qued\u00f3 establecido en la ONU?\u201d, ha expresado.<\/p>\n<p style=\"font-weight: 400; text-align: justify;\">El PSOE tambi\u00e9n ha criticado que el PP gestionara este proceso \u201ccomo un tr\u00e1mite inc\u00f3modo, de forma opaca y sin participaci\u00f3n ciudadana, cuando hablamos de dignidad democr\u00e1tica y respeto a las v\u00edctimas del franquismo\u201d. El nuevo callejero no fue consensuado y no se tuvo en cuenta las propuestas de la oposici\u00f3n, sino que la alcaldesa impuso un listado \u00fanicamente al verse presionada por la Fiscal\u00eda.<\/p>\n<p style=\"font-weight: 400; text-align: justify;\">\u201cEl callejero de una ciudad refleja sus valores. No se puede construir una Santander moderna mientras se sigue recordando en las calles una dictadura militar. Eso es exactamente lo que el PP est\u00e1 permitiendo por c\u00e1lculo pol\u00edtico y por servidumbre ideol\u00f3gica\u201d, ha advertido.<\/p>\n<p style=\"font-weight: 400; text-align: justify;\">Daniel Fern\u00e1ndez ha sido claro: \u201cYa est\u00e1 bien de hacerle el caldo gordo a la extrema derecha. Ya est\u00e1 bien de normalizar el negacionismo democr\u00e1tico. Que la alcaldesa cumpla con la ley y con su obligaci\u00f3n institucional. Lo contrario no es valent\u00eda ni firmeza: es cobard\u00eda\u201d.<\/p>\n<p style=\"font-weight: 400; text-align: justify;\">Por \u00faltimo, ha recordado que el PSOE de Santander ha defendido desde el primer momento \u201cuna propuesta legal, sensata y respetuosa con la memoria democr\u00e1tica\u201d.<\/p>\n<p style=\"font-weight: 400; text-align: justify;\">\u201cFrente a la par\u00e1lisis del PP, exigimos hechos. Santander no puede seguir anclada en s\u00edmbolos del franquismo. La ley est\u00e1 para cumplirse y el tiempo del negacionismo ya pas\u00f3\u201d, ha concluido.<\/p>\n","protected":false},"excerpt":{"rendered":"<p>El PSOE Santander denuncia que, medio a\u00f1o despu\u00e9s de aprobarse el nuevo callejero, la alcaldesa Gema Igual y su equipo del Partido Popular siguen sin ejecutar una parte sustancial de los cambios obligados por la Ley de Memoria Democr\u00e1tica. \u201cEl cumplimiento de la ley no es una opci\u00f3n ni un tr\u00e1mite menor. Es una obligaci\u00f3n [&hellip;]<\/p>\n","protected":false},"author":12,"featured_media":11280,"comment_status":"open","ping_status":"closed","sticky":false,"template":"","format":"standard","meta":{"tdm_status":"","tdm_grid_status":"","footnotes":""},"categories":[20,55],"tags":[],"class_list":["post-11279","post","type-post","status-publish","format-standard","has-post-thumbnail","hentry","category-santander","category-arco-de-la-bahia"],"_links":{"self":[{"href":"https:\/\/www.psc-psoe.es\/index.php\/wp-json\/wp\/v2\/posts\/11279","targetHints":{"allow":["GET"]}}],"collection":[{"href":"https:\/\/www.psc-psoe.es\/index.php\/wp-json\/wp\/v2\/posts"}],"about":[{"href":"https:\/\/www.psc-psoe.es\/index.php\/wp-json\/wp\/v2\/types\/post"}],"author":[{"embeddable":true,"href":"https:\/\/www.psc-psoe.es\/index.php\/wp-json\/wp\/v2\/users\/12"}],"replies":[{"embeddable":true,"href":"https:\/\/www.psc-psoe.es\/index.php\/wp-json\/wp\/v2\/comments?post=11279"}],"version-history":[{"count":1,"href":"https:\/\/www.psc-psoe.es\/index.php\/wp-json\/wp\/v2\/posts\/11279\/revisions"}],"predecessor-version":[{"id":11281,"href":"https:\/\/www.psc-psoe.es\/index.php\/wp-json\/wp\/v2\/posts\/11279\/revisions\/11281"}],"wp:featuredmedia":[{"embeddable":true,"href":"https:\/\/www.psc-psoe.es\/index.php\/wp-json\/wp\/v2\/media\/11280"}],"wp:attachment":[{"href":"https:\/\/www.psc-psoe.es\/index.php\/wp-json\/wp\/v2\/media?parent=11279"}],"wp:term":[{"taxonomy":"category","embeddable":true,"href":"https:\/\/www.psc-psoe.es\/index.php\/wp-json\/wp\/v2\/categories?post=11279"},{"taxonomy":"post_tag","embeddable":true,"href":"https:\/\/www.psc-psoe.es\/index.php\/wp-json\/wp\/v2\/tags?post=11279"}],"curies":[{"name":"wp","href":"https:\/\/api.w.org\/{rel}","templated":true}]}}