{"id":11263,"date":"2025-10-20T15:52:53","date_gmt":"2025-10-20T14:52:53","guid":{"rendered":"https:\/\/www.psc-psoe.es\/?p=11263"},"modified":"2025-10-20T15:52:53","modified_gmt":"2025-10-20T14:52:53","slug":"esther-bolado-hoy-es-un-dia-muy-importante-para-los-vecinos-y-vecinas-ya-que-despues-de-dos-anos-de-paralizacion-el-convenio-para-cubrir-las-vias-en-maliano-sera-una-realidad","status":"publish","type":"post","link":"https:\/\/www.psc-psoe.es\/index.php\/2025\/10\/20\/esther-bolado-hoy-es-un-dia-muy-importante-para-los-vecinos-y-vecinas-ya-que-despues-de-dos-anos-de-paralizacion-el-convenio-para-cubrir-las-vias-en-maliano-sera-una-realidad\/","title":{"rendered":"Esther Bolado: \u201cHoy es un d\u00eda muy importante para  los vecinos y vecinas, ya que despu\u00e9s de dos a\u00f1os  de paralizaci\u00f3n, el convenio para cubrir las v\u00edas en  Malia\u00f1o ser\u00e1 una realidad\u201d"},"content":{"rendered":"<p>El Grupo Municipal Socialista muestra su satisfacci\u00f3n tras la<br \/>\nr\u00fabrica del convenio entre el Gobierno de Cantabria, ADIF y el<br \/>\nAyuntamiento de Camargo para dar un nuevo paso en el proyecto del<br \/>\ncubrimiento de las v\u00edas en su paso por Muriedas y Malia\u00f1o.<\/p>\n<p>Pedro Marco de la Pe\u00f1a, presidente de ADIF, ha puesto en valor que \u201cel 15<br \/>\nde marzo de 2023 ADIF realiz\u00f3 la presentaci\u00f3n p\u00fablica del proyecto en<br \/>\nCamargo, definiendo una actuaci\u00f3n en dos fases. La primera fase, que hoy<br \/>\nnos ocupa, supone una inversi\u00f3n estimada de 12,5 millones de euros y es el<br \/>\nresultado de un proceso de di\u00e1logo, consenso y trabajo conjunto entre<br \/>\ntodas las partes\u201d.<\/p>\n<p>Precisamente, el delegado del Gobierno, Pedro Casares, ha destacado \u201cel<br \/>\ncompromiso del Gobierno de Espa\u00f1a con esta tierra\u201d y ha aprovechado su<br \/>\nintervenci\u00f3n para agradecer a Esther Bolado, alcaldesa de Camargo entre<br \/>\n2015 y 2023, todo el trabajo realizado durante esos a\u00f1os afirmando que \u201cla<br \/>\npol\u00edtica suele ser lo que se ve, pero muchas veces es lo que no se ve, que<br \/>\nes todo el trabajo que hay detr\u00e1s\u201d.<\/p>\n<p>Por su parte, Esther Bolado, ha se\u00f1alado que \u201choy es un d\u00eda muy<br \/>\nimportante para los vecinos y vecinas de Camargo, ya que despu\u00e9s de dos<br \/>\na\u00f1os de paralizaci\u00f3n, por fin se ha hecho realidad aquello por lo que se<br \/>\ncomenz\u00f3 a trabajar en el a\u00f1o 2016\u201d. La portavoz socialista ha recordado<br \/>\nque \u201cla presentaci\u00f3n oficial de este proyecto se produjo dos meses antes de<br \/>\nlas \u00faltimas elecciones municipales y por cuestiones de plazos, no se pudo<br \/>\nfirmar el convenio\u201d.<\/p>\n<p>Bolado ha querido puntualizar dos cuestiones a las cuales ha hecho<br \/>\nreferencia Diego Movell\u00e1n durante la firma del convenio, y es que \u201cha<br \/>\nmentido a los vecinos y vecinas del municipio al asegurar en primer lugar<br \/>\nque fue \u00e9l quien comenz\u00f3 este proyecto cuando \u00cd\u00f1igo de la Serna era<br \/>\nministro de Fomento, lo cual es rotundamente falso, ya que accedi\u00f3 al<br \/>\nMinisterio en el a\u00f1o 2016, fecha en la que yo era alcaldesa de Camargo\u201d.<br \/>\nAdem\u00e1s, Esther Bolado ha recordado que \u201ctodas las personas que<br \/>\ncompon\u00edamos el Pleno Municipal durante la \u00faltima legislatura recordamos<br \/>\nque el se\u00f1or Movell\u00e1n, siendo diputado a nivel nacional, vot\u00f3 en contra de<br \/>\nlos Presupuestos Generales del Estado en los cuales se inclu\u00eda la<br \/>\nfinanciaci\u00f3n de este proyecto\u201d.<\/p>\n<p>Por \u00faltimo, la portavoz socialista ha querido recalcar que \u201cpese a los<br \/>\nintentos de Diego Movell\u00e1n por entorpecer este proyecto y aunque llegue<br \/>\ndos a\u00f1os m\u00e1s tarde de lo deseado, hoy por fin ha firmado un trabajo de<br \/>\nocho a\u00f1os que dejamos presentado el 15 de marzo de 2023\u201d, a lo cual ha<br \/>\na\u00f1adido que \u201ceste proyecto es \u00fanicamente posible gracias al compromiso<br \/>\ndel Gobierno de Espa\u00f1a, porque es el que va a realizar este trabajo\u201d<\/p>\n","protected":false},"excerpt":{"rendered":"<p>El Grupo Municipal Socialista muestra su satisfacci\u00f3n tras la r\u00fabrica del convenio entre el Gobierno de Cantabria, ADIF y el Ayuntamiento de Camargo para dar un nuevo paso en el proyecto del cubrimiento de las v\u00edas en su paso por Muriedas y Malia\u00f1o. Pedro Marco de la Pe\u00f1a, presidente de ADIF, ha puesto en valor [&hellip;]<\/p>\n","protected":false},"author":12,"featured_media":11264,"comment_status":"open","ping_status":"closed","sticky":false,"template":"","format":"standard","meta":{"tdm_status":"","tdm_grid_status":"","footnotes":""},"categories":[20,55],"tags":[],"class_list":["post-11263","post","type-post","status-publish","format-standard","has-post-thumbnail","hentry","category-santander","category-arco-de-la-bahia"],"_links":{"self":[{"href":"https:\/\/www.psc-psoe.es\/index.php\/wp-json\/wp\/v2\/posts\/11263","targetHints":{"allow":["GET"]}}],"collection":[{"href":"https:\/\/www.psc-psoe.es\/index.php\/wp-json\/wp\/v2\/posts"}],"about":[{"href":"https:\/\/www.psc-psoe.es\/index.php\/wp-json\/wp\/v2\/types\/post"}],"author":[{"embeddable":true,"href":"https:\/\/www.psc-psoe.es\/index.php\/wp-json\/wp\/v2\/users\/12"}],"replies":[{"embeddable":true,"href":"https:\/\/www.psc-psoe.es\/index.php\/wp-json\/wp\/v2\/comments?post=11263"}],"version-history":[{"count":1,"href":"https:\/\/www.psc-psoe.es\/index.php\/wp-json\/wp\/v2\/posts\/11263\/revisions"}],"predecessor-version":[{"id":11265,"href":"https:\/\/www.psc-psoe.es\/index.php\/wp-json\/wp\/v2\/posts\/11263\/revisions\/11265"}],"wp:featuredmedia":[{"embeddable":true,"href":"https:\/\/www.psc-psoe.es\/index.php\/wp-json\/wp\/v2\/media\/11264"}],"wp:attachment":[{"href":"https:\/\/www.psc-psoe.es\/index.php\/wp-json\/wp\/v2\/media?parent=11263"}],"wp:term":[{"taxonomy":"category","embeddable":true,"href":"https:\/\/www.psc-psoe.es\/index.php\/wp-json\/wp\/v2\/categories?post=11263"},{"taxonomy":"post_tag","embeddable":true,"href":"https:\/\/www.psc-psoe.es\/index.php\/wp-json\/wp\/v2\/tags?post=11263"}],"curies":[{"name":"wp","href":"https:\/\/api.w.org\/{rel}","templated":true}]}}