{"id":11225,"date":"2025-10-14T16:29:32","date_gmt":"2025-10-14T15:29:32","guid":{"rendered":"https:\/\/www.psc-psoe.es\/?p=11225"},"modified":"2025-10-14T16:29:32","modified_gmt":"2025-10-14T15:29:32","slug":"daniel-fernandez-reprocha-que-mientras-el-racing-mira-al-futuro-gema-igual-y-su-equipo-de-gobierno-del-pp-siguen-en-fuera-de-juego","status":"publish","type":"post","link":"https:\/\/www.psc-psoe.es\/index.php\/2025\/10\/14\/daniel-fernandez-reprocha-que-mientras-el-racing-mira-al-futuro-gema-igual-y-su-equipo-de-gobierno-del-pp-siguen-en-fuera-de-juego\/","title":{"rendered":"Daniel Fern\u00e1ndez reprocha que \u201cMientras el Racing mira al futuro, Gema Igual y su equipo de gobierno del PP siguen en fuera de juego\u201d"},"content":{"rendered":"<p style=\"text-align: justify;\">El secretario general y portavoz del PSOE Santanderino ha criticado duramente la bochornosa ausencia de la alcaldesa Gema Igual y del equipo de Gobierno del Partido Popular en la presentaci\u00f3n p\u00fablica del proyecto de reforma integral de los Campos de Sport de El Sardinero, organizada por el Racing de Santander.<\/p>\n<p style=\"text-align: justify;\">\u201cEl Racing da un paso hist\u00f3rico. Presenta un proyecto ambicioso, serio y necesario para modernizar el estadio y mirar al futuro. Y cuando todo el racinguismo esperaba unidad institucional, la alcaldesa decide borrarse y abandonar su papel como m\u00e1xima responsable de una instalaci\u00f3n que es de titularidad municipal\u201d, ha lamentado el portavoz socialista, Daniel Fern\u00e1ndez.<\/p>\n<p style=\"text-align: justify;\">Fern\u00e1ndez ha asegurado que se trata de una actitud \u201cinadmisible\u201d y que vuelve a mostrar el desprecio de Gema Igual por los grandes proyectos de ciudad: \u201cYa lo vimos con la integraci\u00f3n ferroviaria la pasada legislatura, con la vivienda, con los mercados municipales\u2026 y ahora lo vemos con el estadio. Solo comparece para cortar cintas, pero se esconde cuando hay que comprometerse\u201d.<\/p>\n<p style=\"text-align: justify;\">El PSOE recuerda que el estadio de El Sardinero es una instalaci\u00f3n p\u00fablica y que el Ayuntamiento tiene obligaciones firmadas en un convenio con el club desde 2022, como el arreglo de la cubierta o la mejora de la accesibilidad, compromisos que el PP lleva a\u00f1os sin cumplir mientras el Racing ha asumido incluso obras que no le corresponden, como denunci\u00f3 el propio PSOE la pasada semana.<\/p>\n<p style=\"text-align: justify;\">\u201cEn lugar de estar en primera fila, como hizo el Delegado del Gobierno o la presidenta del Parlamento, la alcaldesa desaparece, una vez m\u00e1s, por cobard\u00eda pol\u00edtica o por puro sectarismo. \u00bfA qu\u00e9 tiene miedo Gema Igual? \u00bfA que el protagonismo lo tengan quienes s\u00ed trabajan por Santander, como el Racing o los que apostamos por este proyecto desde hace a\u00f1os?\u201d, se ha preguntado el portavoz socialista.<\/p>\n<p style=\"text-align: justify;\">Desde el PSOE se insiste en que la modernizaci\u00f3n del estadio es una oportunidad para Santander: para mejorar la imagen de la ciudad, para proyectarse al exterior, para dinamizar la zona norte y para cumplir con las exigencias de accesibilidad, sostenibilidad y seguridad.<\/p>\n<p style=\"text-align: justify;\">\u201cEsto no va solo de f\u00fatbol. Va de ciudad, de orgullo, de responsabilidad. Y una vez m\u00e1s, Gema Igual ha decidido quedarse en el vestuario cuando lo que toca es salir al campo y jugar el partido\u201d, ha sentenciado Fern\u00e1ndez.<\/p>\n<p style=\"text-align: justify;\">Adem\u00e1s, desde el PSOE se subraya que este proyecto de reforma integral del estadio no supondr\u00eda ning\u00fan coste para las arcas municipales, ya que es el propio Racing quien asume la inversi\u00f3n como un verdadero regalo a la ciudad. \u201cSolo hace falta voluntad pol\u00edtica, solo hace falta que el Ayuntamiento empuje en lugar de poner trabas. Y en eso el PSOE siempre estar\u00e1: siempre a favor de los proyectos que modernicen Santander, que generen oportunidades y que devuelvan el orgullo a nuestra ciudad\u201d, ha destacado Fern\u00e1ndez. \u201cPorque esto va mucho m\u00e1s all\u00e1 de un campo de f\u00fatbol: es un proyecto de ciudad, que puede dinamizar toda la zona del Sardinero durante todo el a\u00f1o, y que merece altura de miras, compromiso institucional y apoyo sin fisuras\u201d.<\/p>\n","protected":false},"excerpt":{"rendered":"<p>El secretario general y portavoz del PSOE Santanderino ha criticado duramente la bochornosa ausencia de la alcaldesa Gema Igual y del equipo de Gobierno del Partido Popular en la presentaci\u00f3n p\u00fablica del proyecto de reforma integral de los Campos de Sport de El Sardinero, organizada por el Racing de Santander. \u201cEl Racing da un paso [&hellip;]<\/p>\n","protected":false},"author":12,"featured_media":11226,"comment_status":"open","ping_status":"closed","sticky":false,"template":"","format":"standard","meta":{"tdm_status":"","tdm_grid_status":"","footnotes":""},"categories":[20,55],"tags":[],"class_list":["post-11225","post","type-post","status-publish","format-standard","has-post-thumbnail","hentry","category-santander","category-arco-de-la-bahia"],"_links":{"self":[{"href":"https:\/\/www.psc-psoe.es\/index.php\/wp-json\/wp\/v2\/posts\/11225","targetHints":{"allow":["GET"]}}],"collection":[{"href":"https:\/\/www.psc-psoe.es\/index.php\/wp-json\/wp\/v2\/posts"}],"about":[{"href":"https:\/\/www.psc-psoe.es\/index.php\/wp-json\/wp\/v2\/types\/post"}],"author":[{"embeddable":true,"href":"https:\/\/www.psc-psoe.es\/index.php\/wp-json\/wp\/v2\/users\/12"}],"replies":[{"embeddable":true,"href":"https:\/\/www.psc-psoe.es\/index.php\/wp-json\/wp\/v2\/comments?post=11225"}],"version-history":[{"count":2,"href":"https:\/\/www.psc-psoe.es\/index.php\/wp-json\/wp\/v2\/posts\/11225\/revisions"}],"predecessor-version":[{"id":11228,"href":"https:\/\/www.psc-psoe.es\/index.php\/wp-json\/wp\/v2\/posts\/11225\/revisions\/11228"}],"wp:featuredmedia":[{"embeddable":true,"href":"https:\/\/www.psc-psoe.es\/index.php\/wp-json\/wp\/v2\/media\/11226"}],"wp:attachment":[{"href":"https:\/\/www.psc-psoe.es\/index.php\/wp-json\/wp\/v2\/media?parent=11225"}],"wp:term":[{"taxonomy":"category","embeddable":true,"href":"https:\/\/www.psc-psoe.es\/index.php\/wp-json\/wp\/v2\/categories?post=11225"},{"taxonomy":"post_tag","embeddable":true,"href":"https:\/\/www.psc-psoe.es\/index.php\/wp-json\/wp\/v2\/tags?post=11225"}],"curies":[{"name":"wp","href":"https:\/\/api.w.org\/{rel}","templated":true}]}}